{"id":11904,"date":"2019-10-03T18:05:25","date_gmt":"2019-10-03T21:05:25","guid":{"rendered":"https:\/\/blogs2.correiobraziliense.com.br\/vicente\/?p=11904"},"modified":"2019-10-03T18:05:25","modified_gmt":"2019-10-03T21:05:25","slug":"brasil-e-o-emergente-mais-endividado-do-mundo-diz-tony-volpon","status":"publish","type":"post","link":"https:\/\/blogs2.correiobraziliense.com.br\/vicente\/brasil-e-o-emergente-mais-endividado-do-mundo-diz-tony-volpon\/","title":{"rendered":"Brasil \u00e9 o emergente mais endividado do mundo, diz Tony Volpon"},"content":{"rendered":"<p><span style=\"font-weight: 400\">ROSANA HESSEL<\/span><\/p>\n<p>&nbsp;<\/p>\n<p><span style=\"font-weight: 400\">Ao comparar a d\u00edvida p\u00fablica de economias em desenvolvimento, o economista-chefe do banco su\u00ed\u00e7o UBS, Tony Volpon n\u00e3o tem d\u00favidas em afirmar que o Brasil \u00e9 o emergente mais endividado do mundo, &#8220;disparado&#8221;.\u00a0 Ele fez essa observa\u00e7\u00e3o <\/span><span style=\"font-weight: 400\">durante o lan\u00e7amento do livro <\/span><i><span style=\"font-weight: 400\">\u201cPragmatismo sob coa\u00e7\u00e3o &#8211; Petismo e economia em um mundo de crises<\/span><\/i><span style=\"font-weight: 400\">\u201d, nesta quinta-feira (03\/10), em palestra na Universidade de Bras\u00edlia (UnB). Para o ex-diretor do Banco Central, a<\/span><span style=\"font-weight: 400\">\u00a0interfer\u00eancia crescente do mercado financeiro na condu\u00e7\u00e3o da pol\u00edtica macroecon\u00f4mica do governo \u00e9 resultado desse endividamento elevado.<\/span><\/p>\n<p>&nbsp;<\/p>\n<p><span style=\"font-weight: 400\">A d\u00edvida p\u00fablica bruta nacional est\u00e1 perto de 80% do Produto Interno Bruto (PIB) pelas proje\u00e7\u00f5es do BC. \u201cO Brasil \u00e9, disparado, o emergente mais endividado. E essa d\u00edvida est\u00e1 na m\u00e3o de investidores locais\u201d, destacou Volpon, lembrando que, pelo fato de a maior parte dessa d\u00edvida ser interna, o mercado acaba interferindo mais quando o governo erra a m\u00e3o no ajuste fiscal.\u00a0 Ao citar a Argentina, que depende do endividamento externo,\u00a0a sa\u00edda acaba passando por mais infla\u00e7\u00e3o ou calote.\u00a0<\/span><\/p>\n<p>&nbsp;<\/p>\n<p><span style=\"font-weight: 400\">\u201cTem pessoas que acham ruim essa interfer\u00eancia, mas o mercado n\u00e3o fica quieto quando \u00e9 ele quem financia o governo. \u00c9 assim que funciona quando o endividamento p\u00fablico \u00e9 t\u00e3o elevado. Se n\u00e3o quer criar essa depend\u00eancia do mercado, o pa\u00eds n\u00e3o deve se endividar tanto\u201d, pontuou Volpon, ao lado do ex-ministro da Fazenda, Nelson Barbosa, e professor da UnB.<\/span><\/p>\n<p>&nbsp;<\/p>\n<p><span style=\"font-weight: 400\">Na avalia\u00e7\u00e3o do economista-chefe do UBS, o mercado, atualmente, est\u00e1 permitindo que o governo de Jair Bolsonaro fa\u00e7a um ajuste fiscal mais gradual, algo que n\u00e3o foi permitido durante o per\u00edodo em que o ex-ministro da Fazenda, Joaquim Levy, estava tentando fazer ajustes durante o segundo mandato de Dilma Rousseff.\u00a0\u00a0<\/span><\/p>\n<p>&nbsp;<\/p>\n<p><span style=\"font-weight: 400\">\u201cNaquela \u00e9poca, n\u00e3o se permitia nada diferente do que um ajuste fiscal mais duro. Hoje, o mercado permite fazer um ajuste extremamente gradual. Vamos ficar 10 anos para conseguir voltar a ter um superavit prim\u00e1rio (economia para o pagamento dos juros da d\u00edvida p\u00fablica)\u201d, afirmou Volpon. \u201cMas o mercado permite que isso seja feito com as menores taxas de juros da hist\u00f3ria\u201d, ressaltou ele, lembrando que o processo de ajuste teve in\u00edcio no governo Dilma e \u201ccontinua at\u00e9 hoje\u201d.<\/span><\/p>\n<p>&nbsp;<\/p>\n<p><span style=\"font-weight: 400\">Barbosa fez quest\u00e3o de lembrar que o governo Dilma, do qual ele fez parte no primeiro mandato, saiu em 2013, mas retornou em 2015, tinha propostas de reformas da Previd\u00eancia, tribut\u00e1ria e administrativa, mas que acabaram n\u00e3o tendo o apoio esperado, como foi o caso da tentativa frustrada de ressuscitar a CPMF, de forma tempor\u00e1ria. O ex-ministro ressaltou que a primeira fase da Opera\u00e7\u00e3o Lava Jato ocorreu em 2014 e isso acabou afetando a economia com o colapso das empreiteiras, contribuindo para que o pa\u00eds entrasse em recess\u00e3o nos dois anos seguintes. \u201c\u00c9 ingenuidade falar que a economia desacelerou s\u00f3 por conta da contra\u00e7\u00e3o fiscal. O Or\u00e7amento foi um dos mais inchados da hist\u00f3ria\u201d, pontuou.<\/span><\/p>\n<p>&nbsp;<\/p>\n<p><span style=\"font-weight: 400\">Volpon e Barbosa reconheceram que a China teve um importante papel no crescimento global, e, principalmente, do Brasil, durante os dois mandatos do ex-presidente Luiz In\u00e1cio Lula da Silva, pois isso contribuiu para a forte alta nos pre\u00e7os das commodities.\u00a0<\/span><span style=\"font-weight: 400\">O economista do UBS\u00a0<\/span><span style=\"font-weight: 400\">ressaltou que a entrada do pa\u00eds asi\u00e1tico na Organiza\u00e7\u00e3o Mundial de Com\u00e9rcio (OMC), em 2001, foi crucial nesse processo. Essa ades\u00e3o, que teve contribui\u00e7\u00e3o forte dos Estados Unidos, colaborou para que\u00a0Produto Interno Bruto (PIB) chin\u00eas tivesse um crescimento forte, puxando o crescimento econ\u00f4mico global, ao ser ent\u00e3o reconhecido como economia de mercado. <\/span><\/p>\n<p>&nbsp;<\/p>\n<p><span style=\"font-weight: 400\">\u201cO evento mais importante do mil\u00eanio \u00e9 a entrada da China no ambiente econ\u00f4mico global\u201d, afirmou o ex-diretor do BC. \u201cO governo dos EUA, de fato, ajudou a China a entrar na OMC sem imaginar que o pa\u00eds se tornaria um concorrente. Somente agora, que os EUA acordaram para essa realidade\u201d, destacou.<\/span><\/p>\n<p>&nbsp;<\/p>\n<p><span style=\"font-weight: 400\">Pelas proje\u00e7\u00f5es do UBS, o Brasil dever\u00e1 crescer 0,8%, neste ano, e 1,5%, em 2020, abaixo das estimativas do BC, de 0,9% e de 1,8%, respectivamente. Com esse desempenho,, o pa\u00eds deve encerrar a d\u00e9cada com a pior m\u00e9dia de expans\u00e3o da hist\u00f3ria, de 0,6%, segundo Volpon.<\/span><\/p>\n","protected":false},"excerpt":{"rendered":"<p>ROSANA HESSEL &nbsp; Ao comparar a d\u00edvida p\u00fablica de economias em desenvolvimento, o economista-chefe do banco su\u00ed\u00e7o UBS, Tony Volpon n\u00e3o tem d\u00favidas em afirmar que o Brasil \u00e9 o emergente mais endividado do mundo, &#8220;disparado&#8221;.\u00a0 Ele fez essa observa\u00e7\u00e3o durante o lan\u00e7amento do livro \u201cPragmatismo sob coa\u00e7\u00e3o &#8211; Petismo e economia em um mundo [&hellip;]<\/p>\n","protected":false},"author":22,"featured_media":0,"comment_status":"open","ping_status":"closed","sticky":false,"template":"","format":"standard","meta":{"wpb_read_more":[],"footnotes":""},"categories":[600],"tags":[804,589,58,2763,174],"class_list":["post-11904","post","type-post","status-publish","format-standard","hentry","category-economia","tag-divida-publica","tag-economia","tag-pib","tag-ubs","tag-unb"],"_links":{"self":[{"href":"https:\/\/blogs2.correiobraziliense.com.br\/vicente\/wp-json\/wp\/v2\/posts\/11904","targetHints":{"allow":["GET"]}}],"collection":[{"href":"https:\/\/blogs2.correiobraziliense.com.br\/vicente\/wp-json\/wp\/v2\/posts"}],"about":[{"href":"https:\/\/blogs2.correiobraziliense.com.br\/vicente\/wp-json\/wp\/v2\/types\/post"}],"author":[{"embeddable":true,"href":"https:\/\/blogs2.correiobraziliense.com.br\/vicente\/wp-json\/wp\/v2\/users\/22"}],"replies":[{"embeddable":true,"href":"https:\/\/blogs2.correiobraziliense.com.br\/vicente\/wp-json\/wp\/v2\/comments?post=11904"}],"version-history":[{"count":2,"href":"https:\/\/blogs2.correiobraziliense.com.br\/vicente\/wp-json\/wp\/v2\/posts\/11904\/revisions"}],"predecessor-version":[{"id":11906,"href":"https:\/\/blogs2.correiobraziliense.com.br\/vicente\/wp-json\/wp\/v2\/posts\/11904\/revisions\/11906"}],"wp:attachment":[{"href":"https:\/\/blogs2.correiobraziliense.com.br\/vicente\/wp-json\/wp\/v2\/media?parent=11904"}],"wp:term":[{"taxonomy":"category","embeddable":true,"href":"https:\/\/blogs2.correiobraziliense.com.br\/vicente\/wp-json\/wp\/v2\/categories?post=11904"},{"taxonomy":"post_tag","embeddable":true,"href":"https:\/\/blogs2.correiobraziliense.com.br\/vicente\/wp-json\/wp\/v2\/tags?post=11904"}],"curies":[{"name":"wp","href":"https:\/\/api.w.org\/{rel}","templated":true}]}}