{"id":1191,"date":"2016-06-01T16:05:27","date_gmt":"2016-06-01T19:05:27","guid":{"rendered":"https:\/\/blogs2.correiobraziliense.com.br\/vicente\/?p=1191"},"modified":"2016-06-01T17:48:02","modified_gmt":"2016-06-01T20:48:02","slug":"algo-se-mexe-no-atoleiro-da-economia","status":"publish","type":"post","link":"https:\/\/blogs2.correiobraziliense.com.br\/vicente\/algo-se-mexe-no-atoleiro-da-economia\/","title":{"rendered":"Algo se mexe no atoleiro da economia"},"content":{"rendered":"<p>Os primeiros sinais de que a economia est\u00e1 saindo do atoleiro dever\u00e3o ser mostrados pelos indicadores antecedentes de maio, acredita o economista Carlos Thadeu Filho, s\u00f3cio da consultoria MacroAgro. Ele v\u00ea melhora, ainda marginal, na produ\u00e7\u00e3o de papel\u00e3o ondulado, usado em embalagens, e no transporte de cargas nas estradas. Nada que seja motivo de comemora\u00e7\u00e3o, mas um sinal de que algo est\u00e1 se movendo na recess\u00e3o na qual o pa\u00eds est\u00e1 mergulhado.<\/p>\n<p>&nbsp;<\/p>\n<p>Para Thadeu, mesmo com todas as incertezas pol\u00edticas provocadas pela Opera\u00e7\u00e3o Lava-Jato, empres\u00e1rios e consumidores come\u00e7am a acreditar que \u00e9 poss\u00edvel, sim, esperar por dias melhores. Ele acredita que, mesmo o governo de Michel Temer n\u00e3o tendo anunciado nenhuma medida importante de curto prazo para resgatar a economia, h\u00e1 duas sinaliza\u00e7\u00f5es importantes. A primeira, o ajuste das contas externas, que vem se observando d\u00ea-se o ano passado, devido ao peso da recess\u00e3o sobre as importa\u00e7\u00f5es. Segundo, o desejo real de se fazer um ajuste das contas p\u00fablicas no m\u00e9dio e no longo prazos por meio da imposi\u00e7\u00e3o de um teto para o aumento dos gastos p\u00fablicos, medida que ainda depende de aprova\u00e7\u00e3o do Congresso.<\/p>\n<p>&nbsp;<\/p>\n<p>&#8220;O importante \u00e9 a sinaliza\u00e7\u00e3o de que algo ser\u00e1 feito de concreto para tirar o pa\u00eds da recess\u00e3o e arrumar as contas p\u00fablicas&#8221;, diz o s\u00f3cio da MacroAgro. Ele reconhece que os sinais de recupera\u00e7\u00e3o que possam emergir no horizonte sejam de curto prazo, sem sustenta\u00e7\u00e3o. &#8220;Mas ser\u00e3o esses sinais que v\u00e3o mexer com o animo do empresariado. Isso \u00e9 muito importante para que um quadro benigno na economia se solidifique&#8221;, assinala. Ao governo, caber\u00e1 tocar uma pol\u00edtica respons\u00e1vel, previs\u00edvel e sem interfer\u00eancias malignas na atividade.<\/p>\n<p>&nbsp;<\/p>\n<p>Bras\u00edlia, 16h05min<\/p>\n","protected":false},"excerpt":{"rendered":"<p>Os primeiros sinais de que a economia est\u00e1 saindo do atoleiro dever\u00e3o ser mostrados pelos indicadores antecedentes de maio, acredita o economista Carlos Thadeu Filho, s\u00f3cio da consultoria MacroAgro. Ele v\u00ea melhora, ainda marginal, na produ\u00e7\u00e3o de papel\u00e3o ondulado, usado em embalagens, e no transporte de cargas nas estradas. Nada que seja motivo de comemora\u00e7\u00e3o, [&hellip;]<\/p>\n","protected":false},"author":22,"featured_media":0,"comment_status":"open","ping_status":"closed","sticky":false,"template":"","format":"standard","meta":{"wpb_read_more":[],"footnotes":""},"categories":[1],"tags":[],"class_list":["post-1191","post","type-post","status-publish","format-standard","hentry","category-sem-categoria"],"_links":{"self":[{"href":"https:\/\/blogs2.correiobraziliense.com.br\/vicente\/wp-json\/wp\/v2\/posts\/1191","targetHints":{"allow":["GET"]}}],"collection":[{"href":"https:\/\/blogs2.correiobraziliense.com.br\/vicente\/wp-json\/wp\/v2\/posts"}],"about":[{"href":"https:\/\/blogs2.correiobraziliense.com.br\/vicente\/wp-json\/wp\/v2\/types\/post"}],"author":[{"embeddable":true,"href":"https:\/\/blogs2.correiobraziliense.com.br\/vicente\/wp-json\/wp\/v2\/users\/22"}],"replies":[{"embeddable":true,"href":"https:\/\/blogs2.correiobraziliense.com.br\/vicente\/wp-json\/wp\/v2\/comments?post=1191"}],"version-history":[{"count":1,"href":"https:\/\/blogs2.correiobraziliense.com.br\/vicente\/wp-json\/wp\/v2\/posts\/1191\/revisions"}],"predecessor-version":[{"id":1192,"href":"https:\/\/blogs2.correiobraziliense.com.br\/vicente\/wp-json\/wp\/v2\/posts\/1191\/revisions\/1192"}],"wp:attachment":[{"href":"https:\/\/blogs2.correiobraziliense.com.br\/vicente\/wp-json\/wp\/v2\/media?parent=1191"}],"wp:term":[{"taxonomy":"category","embeddable":true,"href":"https:\/\/blogs2.correiobraziliense.com.br\/vicente\/wp-json\/wp\/v2\/categories?post=1191"},{"taxonomy":"post_tag","embeddable":true,"href":"https:\/\/blogs2.correiobraziliense.com.br\/vicente\/wp-json\/wp\/v2\/tags?post=1191"}],"curies":[{"name":"wp","href":"https:\/\/api.w.org\/{rel}","templated":true}]}}