{"id":120,"date":"2015-06-27T00:10:00","date_gmt":"2015-06-27T03:10:00","guid":{"rendered":"https:\/\/blogs2.correiobraziliense.com.br\/vicente\/caixa_e_bb_puxam_juros_ao_consumidor\/"},"modified":"2015-06-27T00:10:00","modified_gmt":"2015-06-27T03:10:00","slug":"caixa_e_bb_puxam_juros_ao_consumidor","status":"publish","type":"post","link":"https:\/\/blogs2.correiobraziliense.com.br\/vicente\/caixa_e_bb_puxam_juros_ao_consumidor\/","title":{"rendered":"CAIXA E BB PUXAM JUROS AO CONSUMIDOR"},"content":{"rendered":"\n<p>Os bancos p\u00fablicos lideraram a alta das taxas de juros aos consumidores no primeiro semestre do ano. Dados do Banco Central mostram que, em quatro das principais modalidades de cr\u00e9dito \u2014 cheque especial, ve\u00edculos, cart\u00e3o de cr\u00e9dito e empr\u00e9stimos pessoais \u2014, a Caixa Econ\u00f4mica Federal e o Banco do Brasil promoveram os maiores aumentos das taxas, em termos proporcionais. <\/p>\n<p>At\u00e9 meados do ano passado, havia a determina\u00e7\u00e3o da presidente Dilma Rousseff para que as institui\u00e7\u00f5es financeiras controladas pelo Tesouro Nacional contivessem os aumentos dos juros aos consumidores, como forma de manter o cr\u00e9dito ativo e, por tabela, estimular o consumo. Mas a decis\u00e3o do BC de elevar a taxa b\u00e1sica (Selic) logo ap\u00f3s as elei\u00e7\u00f5es presidenciais for\u00e7ou os bancos p\u00fablicos a refazerem as tabelas. <\/p>\n<p>\u00c9 verdade que, a despeito de todos os recentes reajustes nos juros, a Caixa e o Banco do Brasil continuam oferecendo, na m\u00e9dia, condi\u00e7\u00f5es melhores que os tr\u00eas principais concorrentes privados: Ita\u00fa Unibanco, Bradesco e Santander. Mas, mantida a velocidade dos aumentos, em pouco tempo os clientes das institui\u00e7\u00f5es p\u00fablicas pagar\u00e3o tanto ou mais que os do sistema privado. <\/p>\n<p>Essa proximidade de taxas \u00e9 observada, principalmente, nos financiamentos a ve\u00edculos. A Caixa est\u00e1 cobrando juros m\u00e9dios anuais de 23,75% contra 26,02% do Bradesco. No rotativo do cart\u00e3o de cr\u00e9dito, por\u00e9m, mesmo for\u00e7ando a m\u00e3o nos juros nos \u00faltimos seis meses, tanto a Caixa quanto o Banco do Brasil continuam cobrando encargos bem menores, 137,13% e 249,14% ao ano, respectivamente. <\/p>\n<p>Para especialistas, diante dos juros observados no mercado, esse n\u00e3o \u00e9 o momento para endividamento. O melhor, ressaltam, \u00e9 aproveitar todas as sobras de caixa para reduzir os d\u00e9bitos com bancos e lojas. Com o desemprego chegando sem d\u00f3, os consumidores podem ser empurrados para a inadimpl\u00eancia. As estat\u00edsticas mostram que os calotes est\u00e3o subindo. Pelo menos 56 milh\u00f5es de pessoas j\u00e1 n\u00e3o conseguem mais pagar as contas em dia. <\/p>\n<p><img decoding=\"async\" src=\"https:\/\/blogs2.correiobraziliense.com.br\/wp-content\/uploads\/blog-vicente\/235ba6cd9396ed4a3b6acbc286fdad68.jpg\"> <\/p>\n<p><b> <\/p>\n<p>Sova na caderneta<\/b> <\/p>\n<p>\u00bb Se as proje\u00e7\u00f5es do Banco Central para a infla\u00e7\u00e3o deste ano estiverem corretas, os brasileiros que insistem em aplicar na caderneta de poupan\u00e7a v\u00e3o tomar uma sova. A estimativa da autoridade monet\u00e1ria \u00e9 de que a carestia chegar\u00e1 a 9%. Como o rendimento da caderneta \u00e9 de 6,17% ao ano, a perda real ser\u00e1 de 1,76%. Portanto, afirma Mauro Calil, educador financeiro do Banco Ourinvest, acabou o discurso de que, ao destinar recursos para a poupan\u00e7a, o brasileiro est\u00e1 mantendo o poder de compra. \u201cNa verdade, est\u00e1 perdendo dinheiro\u201d, frisa. Ele recomenda, como prote\u00e7\u00e3o ao patrim\u00f4nio, aplica\u00e7\u00f5es em fundos de renda fixa e em Letras de Cr\u00e9dito Imobili\u00e1rio (LCI), pap\u00e9is que, em bancos m\u00e9dios, t\u00eam rendido 6,5% anuais al\u00e9m da varia\u00e7\u00e3o do \u00cdndice de Pre\u00e7os ao Consumidor Amplo (IPCA). Nesse caso, o ganho \u00e9 isento do Imposto de Renda. <\/p>\n<p><b>Ind\u00fastria no atoleiro<\/b> <\/p>\n<p>\u00bb N\u00e3o h\u00e1 a menor chance de a atividade econ\u00f4mica se recuperar ao longo deste ano. \u00c9 o que mostrar\u00e1, na pr\u00f3xima quinta-feira, o Instituto Brasileiro de Geografia e Estat\u00edstica (IBGE), ao divulgar o desempenho da produ\u00e7\u00e3o industrial em maio. Pelas contas do economista-chefe do Banco Santander, Maur\u00edcio Molan, houve contra\u00e7\u00e3o de 0,6% ante abril e de 10,6% na compara\u00e7\u00e3o com maio de 2014. <\/p>\n<p><b>Junho ser\u00e1 pior<\/b> <\/p>\n<p>\u00bb Molan ressalta que n\u00fameros t\u00e3o ruins levam em conta a queda expressiva observada no setor automotivo. Os estoques nos p\u00e1tios das f\u00e1bricas subiram para 46 dias de vendas, em m\u00e9dia, n\u00edvel elevad\u00edssimo para os padr\u00f5es brasileiros. Tanto que as montadoras praticamente suspenderam a produ\u00e7\u00e3o em junho, m\u00eas em que a ind\u00fastria cravar\u00e1 novo tombo, segundo n\u00fameros preliminares. A crise \u00e9 grave. <\/p>\n<p>Bras\u00edlia, 00h10min   <\/p>\n","protected":false},"excerpt":{"rendered":"<p>Os bancos p\u00fablicos lideraram a alta das taxas de juros aos consumidores no primeiro semestre do ano. Dados do Banco Central mostram que, em quatro das principais modalidades de cr\u00e9dito \u2014 cheque especial, ve\u00edculos, cart\u00e3o de cr\u00e9dito e empr\u00e9stimos pessoais \u2014, a Caixa Econ\u00f4mica Federal e o Banco do Brasil promoveram os maiores aumentos das [&hellip;]<\/p>\n","protected":false},"author":22,"featured_media":0,"comment_status":"open","ping_status":"open","sticky":false,"template":"","format":"standard","meta":{"wpb_read_more":[],"footnotes":""},"categories":[1],"tags":[],"class_list":["post-120","post","type-post","status-publish","format-standard","hentry","category-sem-categoria"],"_links":{"self":[{"href":"https:\/\/blogs2.correiobraziliense.com.br\/vicente\/wp-json\/wp\/v2\/posts\/120","targetHints":{"allow":["GET"]}}],"collection":[{"href":"https:\/\/blogs2.correiobraziliense.com.br\/vicente\/wp-json\/wp\/v2\/posts"}],"about":[{"href":"https:\/\/blogs2.correiobraziliense.com.br\/vicente\/wp-json\/wp\/v2\/types\/post"}],"author":[{"embeddable":true,"href":"https:\/\/blogs2.correiobraziliense.com.br\/vicente\/wp-json\/wp\/v2\/users\/22"}],"replies":[{"embeddable":true,"href":"https:\/\/blogs2.correiobraziliense.com.br\/vicente\/wp-json\/wp\/v2\/comments?post=120"}],"version-history":[{"count":0,"href":"https:\/\/blogs2.correiobraziliense.com.br\/vicente\/wp-json\/wp\/v2\/posts\/120\/revisions"}],"wp:attachment":[{"href":"https:\/\/blogs2.correiobraziliense.com.br\/vicente\/wp-json\/wp\/v2\/media?parent=120"}],"wp:term":[{"taxonomy":"category","embeddable":true,"href":"https:\/\/blogs2.correiobraziliense.com.br\/vicente\/wp-json\/wp\/v2\/categories?post=120"},{"taxonomy":"post_tag","embeddable":true,"href":"https:\/\/blogs2.correiobraziliense.com.br\/vicente\/wp-json\/wp\/v2\/tags?post=120"}],"curies":[{"name":"wp","href":"https:\/\/api.w.org\/{rel}","templated":true}]}}