{"id":1203,"date":"2016-06-02T16:15:04","date_gmt":"2016-06-02T19:15:04","guid":{"rendered":"https:\/\/blogs2.correiobraziliense.com.br\/vicente\/?p=1203"},"modified":"2016-06-02T20:30:48","modified_gmt":"2016-06-02T23:30:48","slug":"ilan-so-sera-sabatinado-na-terca-feira","status":"publish","type":"post","link":"https:\/\/blogs2.correiobraziliense.com.br\/vicente\/ilan-so-sera-sabatinado-na-terca-feira\/","title":{"rendered":"Gleisi Hoffmann n\u00e3o antecipar\u00e1 sabatina de Goldfajn para o BC"},"content":{"rendered":"<p>POR ANTONIO TEM\u00d3TEO<\/p>\n<p>&nbsp;<\/p>\n<p>A presidente da Comiss\u00e3o de Assuntos Econ\u00f4micos (CAE) do Senado Federal, Gleisi Hoffmann (PT-PR), afirma ao Blog que n\u00e3o convocar\u00e1 uma sess\u00e3o extraordin\u00e1ria para antecipar a sabatina do economista Ilan Goldfajn, escolhido pelo presidente interino, Michel Temer, para comandar o Banco Central. Goldfajn foi a comiss\u00e3o hoje de manh\u00e3, acompanhado por assessores da autoridade monet\u00e1ria, mas foi informado que a reuni\u00e3o do colegiado s\u00f3 ocorrer\u00e1 na pr\u00f3xima ter\u00e7a-feira.<\/p>\n<p>&nbsp;<\/p>\n<p>A possibilidade de Gleisi convocar uma sess\u00e3o extraordin\u00e1ria da CAE para hoje ganhou for\u00e7a ap\u00f3s o presidente do Senado, Renan Calheiros (PMDB-AL), acatar uma quest\u00e3o de ordem do senador\u00a0Ronaldo Caiado (DEM-GO).\u00a0Ele\u00a0<span style=\"line-height: 1.5\">solicitou que o prazo para a sabatina de autoridades aconte\u00e7a em at\u00e9 cinco dias \u00fateis ap\u00f3s a leitura da mat\u00e9ria no plen\u00e1rio e n\u00e3o na comiss\u00e3o.<\/span><\/p>\n<p>&nbsp;<\/p>\n<p>Calheiros ainda definiu se o plen\u00e1rio do Senado votar\u00e1 a indica\u00e7\u00e3o de Goldfajn no mesmo dia em que for sabatinado pela CAE. Apesar da decis\u00e3o, a Secretaria-Geral da Mesa Diretora do Senado esclareceu que a presidente da comiss\u00e3o tem a prerrogativa de convocar a reuni\u00e3o para que os parlamentares fa\u00e7am o debate. Com isso, Alexandre Tombini comandar\u00e1 a reuni\u00e3o do Comit\u00ea de Pol\u00edtica Monet\u00e1ria (Copom), marcada para a semana que vem.<\/p>\n<p>&nbsp;<\/p>\n<p><em>Bras\u00edlia, 16h15min<\/em><\/p>\n","protected":false},"excerpt":{"rendered":"<p>POR ANTONIO TEM\u00d3TEO &nbsp; A presidente da Comiss\u00e3o de Assuntos Econ\u00f4micos (CAE) do Senado Federal, Gleisi Hoffmann (PT-PR), afirma ao Blog que n\u00e3o convocar\u00e1 uma sess\u00e3o extraordin\u00e1ria para antecipar a sabatina do economista Ilan Goldfajn, escolhido pelo presidente interino, Michel Temer, para comandar o Banco Central. Goldfajn foi a comiss\u00e3o hoje de manh\u00e3, acompanhado por [&hellip;]<\/p>\n","protected":false},"author":22,"featured_media":0,"comment_status":"open","ping_status":"closed","sticky":false,"template":"","format":"standard","meta":{"wpb_read_more":[],"footnotes":""},"categories":[1],"tags":[],"class_list":["post-1203","post","type-post","status-publish","format-standard","hentry","category-sem-categoria"],"_links":{"self":[{"href":"https:\/\/blogs2.correiobraziliense.com.br\/vicente\/wp-json\/wp\/v2\/posts\/1203","targetHints":{"allow":["GET"]}}],"collection":[{"href":"https:\/\/blogs2.correiobraziliense.com.br\/vicente\/wp-json\/wp\/v2\/posts"}],"about":[{"href":"https:\/\/blogs2.correiobraziliense.com.br\/vicente\/wp-json\/wp\/v2\/types\/post"}],"author":[{"embeddable":true,"href":"https:\/\/blogs2.correiobraziliense.com.br\/vicente\/wp-json\/wp\/v2\/users\/22"}],"replies":[{"embeddable":true,"href":"https:\/\/blogs2.correiobraziliense.com.br\/vicente\/wp-json\/wp\/v2\/comments?post=1203"}],"version-history":[{"count":6,"href":"https:\/\/blogs2.correiobraziliense.com.br\/vicente\/wp-json\/wp\/v2\/posts\/1203\/revisions"}],"predecessor-version":[{"id":1213,"href":"https:\/\/blogs2.correiobraziliense.com.br\/vicente\/wp-json\/wp\/v2\/posts\/1203\/revisions\/1213"}],"wp:attachment":[{"href":"https:\/\/blogs2.correiobraziliense.com.br\/vicente\/wp-json\/wp\/v2\/media?parent=1203"}],"wp:term":[{"taxonomy":"category","embeddable":true,"href":"https:\/\/blogs2.correiobraziliense.com.br\/vicente\/wp-json\/wp\/v2\/categories?post=1203"},{"taxonomy":"post_tag","embeddable":true,"href":"https:\/\/blogs2.correiobraziliense.com.br\/vicente\/wp-json\/wp\/v2\/tags?post=1203"}],"curies":[{"name":"wp","href":"https:\/\/api.w.org\/{rel}","templated":true}]}}