{"id":12033,"date":"2019-10-15T20:01:43","date_gmt":"2019-10-15T23:01:43","guid":{"rendered":"https:\/\/blogs2.correiobraziliense.com.br\/vicente\/?p=12033"},"modified":"2019-10-15T20:46:04","modified_gmt":"2019-10-15T23:46:04","slug":"mergulhado-em-seria-crise-colegio-alub-pode-fechar","status":"publish","type":"post","link":"https:\/\/blogs2.correiobraziliense.com.br\/vicente\/mergulhado-em-seria-crise-colegio-alub-pode-fechar\/","title":{"rendered":"Mergulhado em s\u00e9ria crise, Col\u00e9gio Alub pode fechar"},"content":{"rendered":"<h2>Uma das mais tradicionais redes de escolas do Distrito Federal, o Alub, enfrenta s\u00e9ria crise e pode fechar as portas. Diante da imin\u00eancia de paralisa\u00e7\u00e3o dos professores, que est\u00e3o sem sal\u00e1rios h\u00e1 mais de dois meses, a escola avisou os pais de alunos que n\u00e3o haver\u00e1 aulas nesta quarta-feira, 16 de outubro.<\/h2>\n<p>&nbsp;<\/p>\n<p>Em mensagem enviada aos pais dos estudantes, o Alub afirma que a suspens\u00e3o das aulas tem por objetivo &#8220;garantir a seguran\u00e7a&#8221; dos estudantes diante da paralisa\u00e7\u00e3o dos professores. Mas, segundo funcion\u00e1rios da institui\u00e7\u00e3o, a situa\u00e7\u00e3o \u00e9 &#8220;dram\u00e1tica&#8221;, n\u00e3o h\u00e1 recursos suficientes para manter a escola funcionando.<\/p>\n<p>&nbsp;<\/p>\n<figure id=\"attachment_12035\" aria-describedby=\"caption-attachment-12035\" style=\"width: 623px\" class=\"wp-caption alignleft\"><a href=\"https:\/\/blogs2.correiobraziliense.com.br\/vicente\/wp-content\/uploads\/sites\/16\/2019\/10\/Alub1.jpg\"><img loading=\"lazy\" decoding=\"async\" class=\" wp-image-12035\" src=\"https:\/\/blogs2.correiobraziliense.com.br\/vicente\/wp-content\/uploads\/sites\/16\/2019\/10\/Alub1.jpg\" alt=\"\" width=\"623\" height=\"415\" srcset=\"https:\/\/blogs2.correiobraziliense.com.br\/vicente\/wp-content\/uploads\/sites\/16\/2019\/10\/Alub1.jpg 820w, https:\/\/blogs2.correiobraziliense.com.br\/vicente\/wp-content\/uploads\/sites\/16\/2019\/10\/Alub1-300x200.jpg 300w, https:\/\/blogs2.correiobraziliense.com.br\/vicente\/wp-content\/uploads\/sites\/16\/2019\/10\/Alub1-768x511.jpg 768w, https:\/\/blogs2.correiobraziliense.com.br\/vicente\/wp-content\/uploads\/sites\/16\/2019\/10\/Alub1-350x233.jpg 350w, https:\/\/blogs2.correiobraziliense.com.br\/vicente\/wp-content\/uploads\/sites\/16\/2019\/10\/Alub1-550x366.jpg 550w, https:\/\/blogs2.correiobraziliense.com.br\/vicente\/wp-content\/uploads\/sites\/16\/2019\/10\/Alub1-230x153.jpg 230w\" sizes=\"auto, (max-width: 623px) 100vw, 623px\" \/><\/a><figcaption id=\"caption-attachment-12035\" class=\"wp-caption-text\">Foto: Willy Malheiros\/ Divulga\u00e7\u00e3o<\/figcaption><\/figure>\n<p>A crise do Alub come\u00e7ou em abril de 2018, quando o dono do grupo, o\u00a0empres\u00e1rio carioca Arthur M\u00e1rio Pinheiro Machado (<strong>foto<\/strong>), foi preso em uma das fases da Lava-Jato. Ele foi acusado, dentro da Opera\u00e7\u00e3o Rizoma, pelos crimes de lavagem de dinheiro, evas\u00e3o de divisas e corrup\u00e7\u00e3o por meio de fraudes nos fundos de pens\u00e3o dos Correios, o Postalis, e do Serpros, do Serpro.<\/p>\n<p>&nbsp;<\/p>\n<p>O grupo Alub foi adquirido pela Educar Holding em outubro de 2017, de propriedade de Arthur Machado. A promessa, \u00e0 \u00e9poca, era de expandir os neg\u00f3cios. Mas, com a Lava-Jato, a euforia se transformou em crise. Desde a pris\u00e3o do empres\u00e1rio, o dinheiro do grupo escolar come\u00e7ou a secar.<\/p>\n<p>&nbsp;<\/p>\n<p>No in\u00edcio deste ano, chegou-se a cogitar a fal\u00eancia do Alub. Mas o grupo continuou a funcionar aos trancos e barrancos. Unidades foram sendo fechadas, empregados, demitidos. Os atrasos salariais se tornaram rotina, a ponto de a escola suspender as aulas por v\u00e1rios dias devido \u00e0 falta de professores.<\/p>\n<p>&nbsp;<\/p>\n<p><strong>Transfer\u00eancias<\/strong><\/p>\n<p>&nbsp;<\/p>\n<p>Os pais de alunos come\u00e7aram a cobrar a dire\u00e7\u00e3o do col\u00e9gio, mas as justificativas para as seguidas suspens\u00f5es das aulas n\u00e3o convenceram. Ficaram claras as dificuldades para a continuidade da escola. Segundo pais de alunos e funcion\u00e1rios da escola, o Alub est\u00e1 se tentando transferir os estudantes para institui\u00e7\u00f5es p\u00fablicas e privadas.<\/p>\n<p>&nbsp;<\/p>\n<p>V\u00e1rios pais foram avisados de que todos os custos das transfer\u00eancias, em final de semestre, ficar\u00e3o por conta deles. Alguns alegam que pagaram, antecipadamente, todas as mensalidades por meio do cart\u00e3o de cr\u00e9dito. A perspectiva \u00e9 de que recorram \u00e0 Justi\u00e7a. Por\u00e9m, admitem que, dificilmente, ver\u00e3o a cor do dinheiro.<\/p>\n<p>&nbsp;<\/p>\n<p>O maior temor dos pais \u00e9 de que os filhos percam o ano letivo se nenhuma solu\u00e7\u00e3o dr\u00e1stica for tomada pela dire\u00e7\u00e3o do Alub para reverter as dificuldades. &#8220;A sensa\u00e7\u00e3o \u00e9 de que n\u00e3o h\u00e1 mais o que fazer&#8221;, ressalta o pai de um estudante do nono ano.<\/p>\n<p>&nbsp;<\/p>\n<p><em>Bras\u00edlia, 20h01min<\/em><\/p>\n","protected":false},"excerpt":{"rendered":"<p>Uma das mais tradicionais redes de escolas do Distrito Federal, o Alub, enfrenta s\u00e9ria crise e pode fechar as portas. Diante da imin\u00eancia de paralisa\u00e7\u00e3o dos professores, que est\u00e3o sem sal\u00e1rios h\u00e1 mais de dois meses, a escola avisou os pais de alunos que n\u00e3o haver\u00e1 aulas nesta quarta-feira, 16 de outubro. &nbsp; Em mensagem [&hellip;]<\/p>\n","protected":false},"author":22,"featured_media":12034,"comment_status":"open","ping_status":"closed","sticky":false,"template":"","format":"standard","meta":{"wpb_read_more":[],"footnotes":""},"categories":[600],"tags":[4176,4177,4178,708,347,41,771],"class_list":["post-12033","post","type-post","status-publish","format-standard","has-post-thumbnail","hentry","category-economia","tag-alub","tag-alunos","tag-arthur-machado","tag-falencia","tag-greve","tag-lava-jato","tag-professores"],"_links":{"self":[{"href":"https:\/\/blogs2.correiobraziliense.com.br\/vicente\/wp-json\/wp\/v2\/posts\/12033","targetHints":{"allow":["GET"]}}],"collection":[{"href":"https:\/\/blogs2.correiobraziliense.com.br\/vicente\/wp-json\/wp\/v2\/posts"}],"about":[{"href":"https:\/\/blogs2.correiobraziliense.com.br\/vicente\/wp-json\/wp\/v2\/types\/post"}],"author":[{"embeddable":true,"href":"https:\/\/blogs2.correiobraziliense.com.br\/vicente\/wp-json\/wp\/v2\/users\/22"}],"replies":[{"embeddable":true,"href":"https:\/\/blogs2.correiobraziliense.com.br\/vicente\/wp-json\/wp\/v2\/comments?post=12033"}],"version-history":[{"count":1,"href":"https:\/\/blogs2.correiobraziliense.com.br\/vicente\/wp-json\/wp\/v2\/posts\/12033\/revisions"}],"predecessor-version":[{"id":12036,"href":"https:\/\/blogs2.correiobraziliense.com.br\/vicente\/wp-json\/wp\/v2\/posts\/12033\/revisions\/12036"}],"wp:featuredmedia":[{"embeddable":true,"href":"https:\/\/blogs2.correiobraziliense.com.br\/vicente\/wp-json\/wp\/v2\/media\/12034"}],"wp:attachment":[{"href":"https:\/\/blogs2.correiobraziliense.com.br\/vicente\/wp-json\/wp\/v2\/media?parent=12033"}],"wp:term":[{"taxonomy":"category","embeddable":true,"href":"https:\/\/blogs2.correiobraziliense.com.br\/vicente\/wp-json\/wp\/v2\/categories?post=12033"},{"taxonomy":"post_tag","embeddable":true,"href":"https:\/\/blogs2.correiobraziliense.com.br\/vicente\/wp-json\/wp\/v2\/tags?post=12033"}],"curies":[{"name":"wp","href":"https:\/\/api.w.org\/{rel}","templated":true}]}}