{"id":12078,"date":"2019-10-25T18:23:43","date_gmt":"2019-10-25T21:23:43","guid":{"rendered":"https:\/\/blogs2.correiobraziliense.com.br\/vicente\/?p=12078"},"modified":"2019-10-25T20:31:25","modified_gmt":"2019-10-25T23:31:25","slug":"privatizacao-do-banco-do-brasil-sera-inevitavel-diz-presidente-da-instituicao","status":"publish","type":"post","link":"https:\/\/blogs2.correiobraziliense.com.br\/vicente\/privatizacao-do-banco-do-brasil-sera-inevitavel-diz-presidente-da-instituicao\/","title":{"rendered":"Privatiza\u00e7\u00e3o do Banco do Brasil ser\u00e1 inevit\u00e1vel, diz presidente da institui\u00e7\u00e3o"},"content":{"rendered":"<h2>O clima esquentou no Banco do Brasil antes do fim do expediente desta sexta-feira, 25 de outubro. Os funcion\u00e1rios foram surpreendidos pela declara\u00e7\u00e3o do presidente da institui\u00e7\u00e3o, Rubem Novaes, de que a privatiza\u00e7\u00e3o do banco ser\u00e1 inevit\u00e1vel.<\/h2>\n<p>&nbsp;<\/p>\n<p>Mesmo diante do \u00edmpeto privatista do ministro da Economia, Paulo Guedes, a venda do controle do BB ao setor privado \u00e9 vista como um tabu. O presidente da Rep\u00fablica, Jair Bolsonaro, se recusa a falar sobre o assunto. Os militares que est\u00e3o no governo, tamb\u00e9m.<\/p>\n<p>&nbsp;<\/p>\n<p>Segundo Novaes, diante da enorme\u00a0revolu\u00e7\u00e3o tecnol\u00f3gica que est\u00e1 se vendo no setor banc\u00e1rio \u2014 estimulada pelo Banco Central, que regulamentou as fintechs e vai incentivar o open banking, permitindo o compartilhamento de informa\u00e7\u00f5es de clientes entre todos os atores do mercado \u2014, n\u00e3o haver\u00e1 espa\u00e7o para bancos com as amarras impostas pela m\u00e1quina estatal.<\/p>\n<p>&nbsp;<\/p>\n<p>Diz o presidente do BB: &#8220;Do jeito que a moderniza\u00e7\u00e3o do sistema banc\u00e1rio se acelera, nesse mundo de inova\u00e7\u00f5es constantes, \u00e9 \u00f3bvio que uma institui\u00e7\u00e3o publica n\u00e3o vai ter a mesma velocidade de adapta\u00e7\u00e3o&#8221;.<\/p>\n<p>&nbsp;<\/p>\n<p>Ele reconhece, que, &#8220;por enquanto, o banco ainda \u00e9 extremamente eficiente e vai permanecer eficiente por algum tempo, mas, em algum momento, a perspectiva da privatiza\u00e7\u00e3o vai ter que ser enfrentada&#8221;. Essa vis\u00e3o, frisa ele, \u00e9 pessoal.<\/p>\n<p>&nbsp;<\/p>\n<p><strong>Prepara\u00e7\u00e3o<\/strong><\/p>\n<p>&nbsp;<\/p>\n<p>Funcion\u00e1rios do Banco do Brasil admitem que a institui\u00e7\u00e3o j\u00e1 vem sendo preparada para ser privatizada. Tanto que o governo est\u00e1 vendendo todas as a\u00e7\u00f5es que excedem o controle acion\u00e1rio. Tamb\u00e9m est\u00e3o sendo ofertadas participa\u00e7\u00f5es que o banco tem em outras empresas.<\/p>\n<p>&nbsp;<\/p>\n<p>Novaes refor\u00e7a esse movimento. Ele afirma que o Banco do Brasil est\u00e1 buscando um parceiro para a BB DTVM a fim de reduzir a participa\u00e7\u00e3o que tem na institui\u00e7\u00e3o. Isso j\u00e1 ocorreu no banco de investimentos. Em setembro \u00faltimo, o BB e o su\u00ed\u00e7o UBS assinaram um memorando de entendimento para uma parceria.<\/p>\n<p>&nbsp;<\/p>\n<p>Entre os funcion\u00e1rios do BB, a perspectiva \u00e9 de que, mesmo com toda a resist\u00eancia de Bolsonaro, o controle do Banco do Brasil poder\u00e1 ser vendido at\u00e9 o fim deste governo. Eles frisam que tudo est\u00e1 caminhando nessa dire\u00e7\u00e3o. \u00c9 esperar para ver.<\/p>\n<p>&nbsp;<\/p>\n<p><em>Bras\u00edlia, 18h23min<\/em><\/p>\n","protected":false},"excerpt":{"rendered":"<p>O clima esquentou no Banco do Brasil antes do fim do expediente desta sexta-feira, 25 de outubro. Os funcion\u00e1rios foram surpreendidos pela declara\u00e7\u00e3o do presidente da institui\u00e7\u00e3o, Rubem Novaes, de que a privatiza\u00e7\u00e3o do banco ser\u00e1 inevit\u00e1vel. &nbsp; Mesmo diante do \u00edmpeto privatista do ministro da Economia, Paulo Guedes, a venda do controle do BB [&hellip;]<\/p>\n","protected":false},"author":22,"featured_media":11457,"comment_status":"open","ping_status":"closed","sticky":false,"template":"","format":"standard","meta":{"wpb_read_more":[],"footnotes":""},"categories":[600],"tags":[229,2554,540,4029],"class_list":["post-12078","post","type-post","status-publish","format-standard","has-post-thumbnail","hentry","category-economia","tag-banco-do-brasil","tag-bolsonaro","tag-privatizacao","tag-rubem-novaes"],"_links":{"self":[{"href":"https:\/\/blogs2.correiobraziliense.com.br\/vicente\/wp-json\/wp\/v2\/posts\/12078","targetHints":{"allow":["GET"]}}],"collection":[{"href":"https:\/\/blogs2.correiobraziliense.com.br\/vicente\/wp-json\/wp\/v2\/posts"}],"about":[{"href":"https:\/\/blogs2.correiobraziliense.com.br\/vicente\/wp-json\/wp\/v2\/types\/post"}],"author":[{"embeddable":true,"href":"https:\/\/blogs2.correiobraziliense.com.br\/vicente\/wp-json\/wp\/v2\/users\/22"}],"replies":[{"embeddable":true,"href":"https:\/\/blogs2.correiobraziliense.com.br\/vicente\/wp-json\/wp\/v2\/comments?post=12078"}],"version-history":[{"count":1,"href":"https:\/\/blogs2.correiobraziliense.com.br\/vicente\/wp-json\/wp\/v2\/posts\/12078\/revisions"}],"predecessor-version":[{"id":12079,"href":"https:\/\/blogs2.correiobraziliense.com.br\/vicente\/wp-json\/wp\/v2\/posts\/12078\/revisions\/12079"}],"wp:featuredmedia":[{"embeddable":true,"href":"https:\/\/blogs2.correiobraziliense.com.br\/vicente\/wp-json\/wp\/v2\/media\/11457"}],"wp:attachment":[{"href":"https:\/\/blogs2.correiobraziliense.com.br\/vicente\/wp-json\/wp\/v2\/media?parent=12078"}],"wp:term":[{"taxonomy":"category","embeddable":true,"href":"https:\/\/blogs2.correiobraziliense.com.br\/vicente\/wp-json\/wp\/v2\/categories?post=12078"},{"taxonomy":"post_tag","embeddable":true,"href":"https:\/\/blogs2.correiobraziliense.com.br\/vicente\/wp-json\/wp\/v2\/tags?post=12078"}],"curies":[{"name":"wp","href":"https:\/\/api.w.org\/{rel}","templated":true}]}}