{"id":12090,"date":"2019-10-30T15:45:58","date_gmt":"2019-10-30T18:45:58","guid":{"rendered":"https:\/\/blogs2.correiobraziliense.com.br\/vicente\/?p=12090"},"modified":"2020-03-16T15:56:42","modified_gmt":"2020-03-16T18:56:42","slug":"temor-no-governo-e-de-que-investigacoes-sobre-a-morte-de-marielle-cheguem-aos-filhos-de-bolsonaro","status":"publish","type":"post","link":"https:\/\/blogs2.correiobraziliense.com.br\/vicente\/temor-no-governo-e-de-que-investigacoes-sobre-a-morte-de-marielle-cheguem-aos-filhos-de-bolsonaro\/","title":{"rendered":"Temor no governo \u00e9 de que investiga\u00e7\u00f5es sobre a morte de Marielle cheguem aos filhos de Bolsonaro"},"content":{"rendered":"<h2>RODOLFO COSTA<\/h2>\n<h2><\/h2>\n<h2>O entorno do presidente da Rep\u00fablica, Jair Bolsonaro, acredita piamente que ele n\u00e3o tem nada a ver com a morte da vereadora do Rio Marielle Franco e do motorista dela, Anderson Gomes. Mas h\u00e1 uma preocupa\u00e7\u00e3o vis\u00edvel de que as investiga\u00e7\u00f5es cheguem aos filhos do presidente.<\/h2>\n<p>&nbsp;<\/p>\n<p>No Pal\u00e1cio do Planalto, mesmo com toda a cr\u00edtica pelo vazamento de informa\u00e7\u00f5es de um processo que corre em segredo de Justi\u00e7a, se debate at\u00e9 onde as investiga\u00e7\u00f5es policiais podem chegar. A cita\u00e7\u00e3o do nome de Bolsonaro levantou questionamentos sobre os filhos nesse caso. H\u00e1 suspeitas de envolvimento deles com as mil\u00edcias, acusadas de matar Marielle e o motorista dela.<\/p>\n<p>&nbsp;<\/p>\n<p>Apesar das desconfian\u00e7as, o clima \u00e9 de revolta no Planalto: &#8220;Estamos indignados com a den\u00fancia&#8221;, diz um dos mais pr\u00f3ximos assessores de Bolsonaro, em rela\u00e7\u00e3o \u00e0s not\u00edcias veiculadas pelo <em>Jornal Nacional<\/em>, da Rede Globo<em>,<\/em> sobre o\u00a0depoimento \u00e0 pol\u00edcia de um dos porteiros do condom\u00ednio onde o presidente tem casa. O porteiro disse que, no dia da morte da Marielle e de Anderson, um dos envolvidos no assassinato, \u00c9lcio Queiroz, teria dito que iria para a resid\u00eancia de Bolsonaro.<\/p>\n<p>&nbsp;<\/p>\n<p><strong>Suspei\u00e7\u00e3o<\/strong><\/p>\n<p>&nbsp;<\/p>\n<p>Na avalia\u00e7\u00e3o de integrantes do Planalto, o governo precisa debelar o mais rapidamente poss\u00edvel essa crise, para dissipar o clima de suspei\u00e7\u00e3o que paira no ar e que pode atrapalhar muito o governo em seus projetos de reanimar a economia do pa\u00eds.<\/p>\n<p>&nbsp;<\/p>\n<p>Para isso, acreditam que o governo deve dar a maior visibilidade a todas as informa\u00e7\u00f5es. &#8220;Nesse caso, a transpar\u00eancia ser\u00e1 tudo&#8221;, refor\u00e7a outro assessor presidencial, que v\u00ea um clima parecido com a fat\u00eddico 17 de maio de 2017, quando vazaram os \u00e1udios de uma conversa entre o ent\u00e3o presidente Michel Temer e o empres\u00e1rio Joesley Batista, dono da JBS.<\/p>\n<p>&nbsp;<\/p>\n<p>A crise pol\u00edtica detonada por aquele fato enterrou todas as chances de Temer aprovar a reforma da Previd\u00eancia, que saiu no atual governo e est\u00e1 pr\u00f3xima de ser promulgada. Bolsonaro tem pela frente duas reformas importantes para tocar: a tribut\u00e1ria e a administrativa. Mas isso exige tranquilidade pol\u00edtica.<\/p>\n<p>&nbsp;<\/p>\n<p>&#8220;Vamos ver quanto tempo levar\u00e1 para a poeira baixar. O governo n\u00e3o pode deixar nenhuma ponta dessa hist\u00f3ria desamarrada&#8221;, alerta um terceiro integrante do Planalto.<\/p>\n<p>&nbsp;<\/p>\n<p><em>Bras\u00edlia, 15h45min<\/em><\/p>\n","protected":false},"excerpt":{"rendered":"<p>RODOLFO COSTA O entorno do presidente da Rep\u00fablica, Jair Bolsonaro, acredita piamente que ele n\u00e3o tem nada a ver com a morte da vereadora do Rio Marielle Franco e do motorista dela, Anderson Gomes. Mas h\u00e1 uma preocupa\u00e7\u00e3o vis\u00edvel de que as investiga\u00e7\u00f5es cheguem aos filhos do presidente. &nbsp; No Pal\u00e1cio do Planalto, mesmo com [&hellip;]<\/p>\n","protected":false},"author":22,"featured_media":10126,"comment_status":"open","ping_status":"closed","sticky":false,"template":"","format":"standard","meta":{"wpb_read_more":[],"footnotes":""},"categories":[600],"tags":[4193,3229,2554,2906,3228,2498,4194],"class_list":["post-12090","post","type-post","status-publish","format-standard","has-post-thumbnail","hentry","category-economia","tag-anderson","tag-assassinato","tag-bolsonaro","tag-investigacoes","tag-marielle","tag-policia","tag-porteiro"],"_links":{"self":[{"href":"https:\/\/blogs2.correiobraziliense.com.br\/vicente\/wp-json\/wp\/v2\/posts\/12090","targetHints":{"allow":["GET"]}}],"collection":[{"href":"https:\/\/blogs2.correiobraziliense.com.br\/vicente\/wp-json\/wp\/v2\/posts"}],"about":[{"href":"https:\/\/blogs2.correiobraziliense.com.br\/vicente\/wp-json\/wp\/v2\/types\/post"}],"author":[{"embeddable":true,"href":"https:\/\/blogs2.correiobraziliense.com.br\/vicente\/wp-json\/wp\/v2\/users\/22"}],"replies":[{"embeddable":true,"href":"https:\/\/blogs2.correiobraziliense.com.br\/vicente\/wp-json\/wp\/v2\/comments?post=12090"}],"version-history":[{"count":12,"href":"https:\/\/blogs2.correiobraziliense.com.br\/vicente\/wp-json\/wp\/v2\/posts\/12090\/revisions"}],"predecessor-version":[{"id":12122,"href":"https:\/\/blogs2.correiobraziliense.com.br\/vicente\/wp-json\/wp\/v2\/posts\/12090\/revisions\/12122"}],"wp:featuredmedia":[{"embeddable":true,"href":"https:\/\/blogs2.correiobraziliense.com.br\/vicente\/wp-json\/wp\/v2\/media\/10126"}],"wp:attachment":[{"href":"https:\/\/blogs2.correiobraziliense.com.br\/vicente\/wp-json\/wp\/v2\/media?parent=12090"}],"wp:term":[{"taxonomy":"category","embeddable":true,"href":"https:\/\/blogs2.correiobraziliense.com.br\/vicente\/wp-json\/wp\/v2\/categories?post=12090"},{"taxonomy":"post_tag","embeddable":true,"href":"https:\/\/blogs2.correiobraziliense.com.br\/vicente\/wp-json\/wp\/v2\/tags?post=12090"}],"curies":[{"name":"wp","href":"https:\/\/api.w.org\/{rel}","templated":true}]}}