{"id":12098,"date":"2019-10-31T14:27:53","date_gmt":"2019-10-31T17:27:53","guid":{"rendered":"https:\/\/blogs2.correiobraziliense.com.br\/vicente\/?p=12098"},"modified":"2019-10-31T14:27:53","modified_gmt":"2019-10-31T17:27:53","slug":"novo-pacote-de-paulo-guedes-ainda-vai-demorar-mais-de-uma-semana","status":"publish","type":"post","link":"https:\/\/blogs2.correiobraziliense.com.br\/vicente\/novo-pacote-de-paulo-guedes-ainda-vai-demorar-mais-de-uma-semana\/","title":{"rendered":"Novo pacote de Paulo Guedes ainda vai demorar mais de uma semana"},"content":{"rendered":"<p><span style=\"font-weight: 400\">ROSANA HESSEL<\/span><\/p>\n<p>&nbsp;<\/p>\n<p><span style=\"font-weight: 400\">O ministro da Economia, Paulo Guedes, em S\u00e3o Paulo, refor\u00e7ou para um grupo de 20 economistas que o pacote de medidas complementares \u00e0 reforma da Previd\u00eancia ainda n\u00e3o est\u00e1 totalmente fechado e pode levar mais de uma semana para ser apresentado.\u00a0 Depois de v\u00e1rios adiamentos, a expectativa era que pelo menos uma parte dessas fosse apresentada nesta semana.<\/span><\/p>\n<p>&nbsp;<\/p>\n<p><span style=\"font-weight: 400\">Durante o encontro realizado nesta quinta-feira (31\/10) em S\u00e3o Paulo, o ministro n\u00e3o deu uma data, mas sinalizou que, provavelmente, &#8220;dever\u00e1 apresentar os projetos a partir da pr\u00f3xima semana ou dentro de 15 dias&#8221;, segundo um dos economistas presentes.\u00a0<\/span><span style=\"font-weight: 400\">Guedes disse a eles que, primeiro, pretende apresentar as medidas para o presidente Jair Bolsonaro, que retornou hoje da turn\u00ea internacional na qual visitou oficialmente Jap\u00e3o, China, Emirados \u00c1rabes, Catar e Ar\u00e1bia Saudita. Os economistas, em sua maioria, gostaram do que ouviram.<\/span><\/p>\n<p>&nbsp;<\/p>\n<p><span style=\"font-weight: 400\">A expectativa \u00e9 que o ministro comece reforma administrativa, seguido pelo pacto federativo com o plano de emerg\u00eancia fiscal, onde estados e munic\u00edpios poder\u00e3o decretar shutdown (interromper opera\u00e7\u00f5es e servi\u00e7os quando n\u00e3o houver mais recursos), reduzir carga hor\u00e1ria de servidores, entre outras medidas. <\/span><\/p>\n<p>&nbsp;<\/p>\n<p><span style=\"font-weight: 400\">Outras duas propostas detalhadas por Guedes foram a desvincula\u00e7\u00e3o dos fundos federais e uma \u201cnova e melhor institucionalidade fiscal\u201d. Ele n\u00e3o detalhou qual seria a reforma tribut\u00e1ria do Executivo, mas prometeu um \u201cnovo modelo de tributa\u00e7\u00e3o\u201d para o pa\u00eds.\u00a0<\/span><\/p>\n<p>&nbsp;<\/p>\n<p><span style=\"font-weight: 400\">O plano de Guedes \u00e9 apresentar Propostas de Emenda \u00e0 Constitui\u00e7\u00e3o (PEC) e projetos de lei, conforme as medidas que forem apresentadas. No caso da Reforma Administrativa, ela deve ser fatiada nesses dois modelos, sendo que um valer\u00e1 para os servidores atuais e outro para os novos concursados, que n\u00e3o ter\u00e3o mais a garantia de estabilidade.<\/span><\/p>\n<p>&nbsp;<\/p>\n<p><span style=\"font-weight: 400\">\u201cO ministro apresentou um ambiente favor\u00e1vel para a amplia\u00e7\u00e3o de projetos e a mensagem que ele passou foi de muita tranquilidade. O teor da conversa \u00e9 que existe uma enorme probabilidade de aprovar reformas\u201d,\u00a0 afirmou o doutor em Economia pelo Massachusetts Institute of Technology (MIT) Jos\u00e9 M\u00e1rcio Camargo, professor titular da Pontif\u00edcia Universidade Cat\u00f3lica do Rio de Janeiro (PUC-RIO). \u201cO governo j\u00e1 conseguiu aprovar a reforma da Previd\u00eancia. Foi um ganho espetacular\u201d, elogiou.\u00a0 <\/span><\/p>\n<p>&nbsp;<\/p>\n<p><span style=\"font-weight: 400\">Camargo lembrou que\u00a0<\/span><span style=\"font-weight: 400\">o fato de Guedes apoiar e dar continuidade \u00e0s ideias desenhadas pelo governo Michel Temer, como ocorreu com o Programa de Programa de Parceiras de Investimentos (PPI), que estava pronto \u00e9 bastante positivo.\u00a0<\/span><\/p>\n<p>&nbsp;<\/p>\n<p><span style=\"font-weight: 400\">Contudo, o ministro e economistas evitaram comentar sobre a atual crise pol\u00edtica assim como sobre declara\u00e7\u00f5es pol\u00eamicas do presidente e de seus filhos.\u00a0 <\/span><span style=\"font-weight: 400\">O deputado Eduardo Bolsonaro (PSL-SP), em um v\u00eddeo publicado hoje no canal da jornalista Leda Nagle, voltou a defender uma interven\u00e7\u00e3o nos moldes do AI-5 como resposta ao que ele chamou de \u201cradicaliza\u00e7\u00e3o da esquerda\u201d. A fala gerou pol\u00eamica no Congresso, levantando preocupa\u00e7\u00e3o de parlamentares de v\u00e1rios partidos com rela\u00e7\u00e3o \u00e0 manuten\u00e7\u00e3o da democracia no pa\u00eds.<\/span><\/p>\n","protected":false},"excerpt":{"rendered":"<p>ROSANA HESSEL &nbsp; O ministro da Economia, Paulo Guedes, em S\u00e3o Paulo, refor\u00e7ou para um grupo de 20 economistas que o pacote de medidas complementares \u00e0 reforma da Previd\u00eancia ainda n\u00e3o est\u00e1 totalmente fechado e pode levar mais de uma semana para ser apresentado.\u00a0 Depois de v\u00e1rios adiamentos, a expectativa era que pelo menos uma [&hellip;]<\/p>\n","protected":false},"author":22,"featured_media":0,"comment_status":"open","ping_status":"closed","sticky":false,"template":"","format":"standard","meta":{"wpb_read_more":[],"footnotes":""},"categories":[600],"tags":[2554,589,3613],"class_list":["post-12098","post","type-post","status-publish","format-standard","hentry","category-economia","tag-bolsonaro","tag-economia","tag-paulo-guedes"],"_links":{"self":[{"href":"https:\/\/blogs2.correiobraziliense.com.br\/vicente\/wp-json\/wp\/v2\/posts\/12098","targetHints":{"allow":["GET"]}}],"collection":[{"href":"https:\/\/blogs2.correiobraziliense.com.br\/vicente\/wp-json\/wp\/v2\/posts"}],"about":[{"href":"https:\/\/blogs2.correiobraziliense.com.br\/vicente\/wp-json\/wp\/v2\/types\/post"}],"author":[{"embeddable":true,"href":"https:\/\/blogs2.correiobraziliense.com.br\/vicente\/wp-json\/wp\/v2\/users\/22"}],"replies":[{"embeddable":true,"href":"https:\/\/blogs2.correiobraziliense.com.br\/vicente\/wp-json\/wp\/v2\/comments?post=12098"}],"version-history":[{"count":1,"href":"https:\/\/blogs2.correiobraziliense.com.br\/vicente\/wp-json\/wp\/v2\/posts\/12098\/revisions"}],"predecessor-version":[{"id":12099,"href":"https:\/\/blogs2.correiobraziliense.com.br\/vicente\/wp-json\/wp\/v2\/posts\/12098\/revisions\/12099"}],"wp:attachment":[{"href":"https:\/\/blogs2.correiobraziliense.com.br\/vicente\/wp-json\/wp\/v2\/media?parent=12098"}],"wp:term":[{"taxonomy":"category","embeddable":true,"href":"https:\/\/blogs2.correiobraziliense.com.br\/vicente\/wp-json\/wp\/v2\/categories?post=12098"},{"taxonomy":"post_tag","embeddable":true,"href":"https:\/\/blogs2.correiobraziliense.com.br\/vicente\/wp-json\/wp\/v2\/tags?post=12098"}],"curies":[{"name":"wp","href":"https:\/\/api.w.org\/{rel}","templated":true}]}}