{"id":12104,"date":"2019-10-31T13:16:42","date_gmt":"2019-10-31T16:16:42","guid":{"rendered":"https:\/\/blogs2.correiobraziliense.com.br\/vicente\/?p=12104"},"modified":"2019-10-31T15:34:28","modified_gmt":"2019-10-31T18:34:28","slug":"as-declaracoes-de-eduardo-bolsonaro-refletem-o-pensamento-de-toda-a-familia-que-comanda-o-pais","status":"publish","type":"post","link":"https:\/\/blogs2.correiobraziliense.com.br\/vicente\/as-declaracoes-de-eduardo-bolsonaro-refletem-o-pensamento-de-toda-a-familia-que-comanda-o-pais\/","title":{"rendered":"As declara\u00e7\u00f5es de Eduardo Bolsonaro refletem o pensamento de toda a fam\u00edlia que comanda o pa\u00eds"},"content":{"rendered":"<h2><strong>As declara\u00e7\u00f5es do deputado Eduardo Bolsonaro (PSL-SP) de que o governo pode lan\u00e7ar m\u00e3o de um instrumento autorit\u00e1rio com o AI-5, caso a esquerda radicalize, refletem o pensamento de toda a fam\u00edlia que comanda o pa\u00eds. N\u00e3o se trata de uma posi\u00e7\u00e3o isolada.<\/strong><\/h2>\n<p>&nbsp;<\/p>\n<p>Muitos se espantaram com tamanho disparate, mas basta uma an\u00e1lise bem simplista sobre as declara\u00e7\u00f5es do presidente da Rep\u00fablica, Jair Bolsonaro, e dos tr\u00eas filhos deles para se constatar o quanto ele s\u00e3o aficionados por regimes autorit\u00e1rios.<\/p>\n<p>&nbsp;<\/p>\n<p>Se a sociedade n\u00e3o se rebelar contra declara\u00e7\u00f5es como essas, certamente os instrumentos usados na ditadura voltar\u00e3o com tudo. Infelizmente, a fam\u00edlia Bolsonaro tem muitos adeptos na defesa pelo cerceamento dos direitos e da livre express\u00e3o. N\u00e3o por acaso, fazem constantes ataques ao Supremo Tribunal Federal (STF) e \u00e0 imprensa.<\/p>\n<p>&nbsp;<\/p>\n<p>Para quem n\u00e3o se lembra, o AI-5 foi assinado em 1968 pelo presidente\u00a0Arthur da Costa e Silva, que resultou no fechamento imediato e por tempo indeterminado do Congresso Nacional e das Assembleias nos estados \u2014 a exce\u00e7\u00e3o\u00a0 foi a de S\u00e3o Paulo.<\/p>\n<p>&nbsp;<\/p>\n<p>Mais: o AI-5 renovou poderes conferidos ao presidente para cassar mandatos e suspender direitos pol\u00edticos em car\u00e1ter permanente. Tamb\u00e9m foi suspensa a garantia do habeas corpus em casos de crimes pol\u00edticos, contra a seguran\u00e7a nacional, a ordem econ\u00f4mica e a economia popular.<\/p>\n<p>&nbsp;<\/p>\n<p>\u00c9 assustador que um parlamentar eleito pelo voto popular, filho de um presidente eleito com vota\u00e7\u00e3o expressiva, lance a possibilidade de o pa\u00eds voltar \u00e0s trevas, retirando direitos das pessoas. O Brasil \u00e9 uma democracia jovem, mais consolidada. \u00c9 uma pena que, neste momento, a percep\u00e7\u00e3o que se tem \u00e9 de que ela est\u00e1 amea\u00e7ada.<\/p>\n<p>&nbsp;<\/p>\n<p>As declara\u00e7\u00f5es de Eduardo Bolsonaro foram dadas em entrevista a jornalista Leda Nagle no canal dela no You Tube. Quem assiste ao v\u00eddeo fica estupefato com a facilidade e a falta de constrangimento com que o deputado fala sobre o AI-5.<\/p>\n<p>&nbsp;<\/p>\n<p>A lei, como ressalta o presidente da C\u00e2mara, Rodrigo Maia, permite puni\u00e7\u00f5es severas para quem defende instrumentos da ditadura. Ent\u00e3o, que a lei seja cumprida.<\/p>\n","protected":false},"excerpt":{"rendered":"<p>As declara\u00e7\u00f5es do deputado Eduardo Bolsonaro (PSL-SP) de que o governo pode lan\u00e7ar m\u00e3o de um instrumento autorit\u00e1rio com o AI-5, caso a esquerda radicalize, refletem o pensamento de toda a fam\u00edlia que comanda o pa\u00eds. N\u00e3o se trata de uma posi\u00e7\u00e3o isolada. &nbsp; Muitos se espantaram com tamanho disparate, mas basta uma an\u00e1lise bem [&hellip;]<\/p>\n","protected":false},"author":22,"featured_media":11924,"comment_status":"open","ping_status":"closed","sticky":false,"template":"","format":"standard","meta":{"wpb_read_more":[],"footnotes":""},"categories":[600],"tags":[],"class_list":["post-12104","post","type-post","status-publish","format-standard","has-post-thumbnail","hentry","category-economia"],"_links":{"self":[{"href":"https:\/\/blogs2.correiobraziliense.com.br\/vicente\/wp-json\/wp\/v2\/posts\/12104","targetHints":{"allow":["GET"]}}],"collection":[{"href":"https:\/\/blogs2.correiobraziliense.com.br\/vicente\/wp-json\/wp\/v2\/posts"}],"about":[{"href":"https:\/\/blogs2.correiobraziliense.com.br\/vicente\/wp-json\/wp\/v2\/types\/post"}],"author":[{"embeddable":true,"href":"https:\/\/blogs2.correiobraziliense.com.br\/vicente\/wp-json\/wp\/v2\/users\/22"}],"replies":[{"embeddable":true,"href":"https:\/\/blogs2.correiobraziliense.com.br\/vicente\/wp-json\/wp\/v2\/comments?post=12104"}],"version-history":[{"count":1,"href":"https:\/\/blogs2.correiobraziliense.com.br\/vicente\/wp-json\/wp\/v2\/posts\/12104\/revisions"}],"predecessor-version":[{"id":12105,"href":"https:\/\/blogs2.correiobraziliense.com.br\/vicente\/wp-json\/wp\/v2\/posts\/12104\/revisions\/12105"}],"wp:featuredmedia":[{"embeddable":true,"href":"https:\/\/blogs2.correiobraziliense.com.br\/vicente\/wp-json\/wp\/v2\/media\/11924"}],"wp:attachment":[{"href":"https:\/\/blogs2.correiobraziliense.com.br\/vicente\/wp-json\/wp\/v2\/media?parent=12104"}],"wp:term":[{"taxonomy":"category","embeddable":true,"href":"https:\/\/blogs2.correiobraziliense.com.br\/vicente\/wp-json\/wp\/v2\/categories?post=12104"},{"taxonomy":"post_tag","embeddable":true,"href":"https:\/\/blogs2.correiobraziliense.com.br\/vicente\/wp-json\/wp\/v2\/tags?post=12104"}],"curies":[{"name":"wp","href":"https:\/\/api.w.org\/{rel}","templated":true}]}}