{"id":12106,"date":"2019-10-31T19:42:00","date_gmt":"2019-10-31T22:42:00","guid":{"rendered":"https:\/\/blogs2.correiobraziliense.com.br\/vicente\/?p=12106"},"modified":"2019-10-31T19:42:00","modified_gmt":"2019-10-31T22:42:00","slug":"forum-de-midia-do-brics-sente-ausencia-do-governo-federal","status":"publish","type":"post","link":"https:\/\/blogs2.correiobraziliense.com.br\/vicente\/forum-de-midia-do-brics-sente-ausencia-do-governo-federal\/","title":{"rendered":"F\u00f3rum de M\u00eddia do Brics sente aus\u00eancia do governo federal"},"content":{"rendered":"<p><span style=\"font-weight: 400\">ROSANA HESSEL*<\/span><\/p>\n<p>&nbsp;<\/p>\n<p><span style=\"font-weight: 400\">\u00c0s v\u00e9speras da 11\u00aa C\u00fapula do Brics, grupo de pa\u00edses emergentes integrado por Brasil, R\u00fassia, \u00cdndia, China e \u00c1frica do Sul, que ser\u00e1 realizada em novembro no Brasil, participantes do 4\u00ba F\u00f3rum de M\u00eddia dos Brics, defendem a coopera\u00e7\u00e3o entre os pa\u00edses, desenvolvendo uma plataforma comum. Contudo, nos pain\u00e9is de debate n\u00e3o havia representantes do governo brasileiro.\u00a0<\/span><\/p>\n<p>&nbsp;<\/p>\n<p><span style=\"font-weight: 400\">Apesar de o presidente Jair Bolsonaro ter acabado de voltar de uma viagem a cinco pa\u00edses, incluindo a China, o governo federal n\u00e3o enviou um representante buscando estreitar la\u00e7os de informa\u00e7\u00e3o entre os pa\u00edses do grupo. Debatedores e integrantes da plateia destacaram essa aus\u00eancia ao longo do evento\u00a0realizado nesta quarta-feira (31\/10), em S\u00e3o Paulo,\u00a0principalmente aguardando um posicionamento do governo em meio \u00e0 guerra comercial entre Estados Unidos e China e \u00e0 forte propaga\u00e7\u00e3o de not\u00edcias falsas nas redes sociais.\u00a0\u00a0<\/span><span style=\"font-weight: 400\">Segundo a organiza\u00e7\u00e3o, havia &#8220;outros compromissos agendados&#8221; dos convidados de autoridades.\u00a0<\/span><\/p>\n<p>&nbsp;<\/p>\n<p><span style=\"font-weight: 400\">E, aproveitando o v\u00e1cuo do governo federal e da Empresa Brasileira de Comunica\u00e7\u00e3o (EBC), o presidente da TV Cultura, Jos\u00e9 Roberto Maluf, deu seu recado.\u00a0 \u201cEstamos dispostos a fazer o jornal do Brics\u201d, disse Maluf, durante o evento como um exemplo de coopera\u00e7\u00e3o no grupo das economias emergentes. \u201cVivemos uma nova cultura midi\u00e1tica, interativa e colaborativa\u201d, ressaltou.\u00a0<\/span><span style=\"font-weight: 400\">Na avalia\u00e7\u00e3o de Maluf, a imprensa tem um papel importante no desenvolvimento de um povo e da sua cidadania. Ele ressaltou ainda que \u00e9 \u201cfundamental o acesso \u00e0 informa\u00e7\u00e3o livre e independente para a cria\u00e7\u00e3o de pol\u00edticas p\u00fablicas\u201d.\u00a0 <\/span><\/p>\n<p>&nbsp;<\/p>\n<p><span style=\"font-weight: 400\">Essas declara\u00e7\u00f5es foram interpretadas como uma estrat\u00e9gia em curso do governador de S\u00e3o Paulo, Jo\u00e3o D\u00f3ria (PSDB),\u00a0<\/span><span style=\"font-weight: 400\">para as elei\u00e7\u00f5es presidenciais de 2022.\u00a0<\/span><span style=\"font-weight: 400\">D\u00f3ria<\/span><span style=\"font-weight: 400\">\u00a0foi \u00e0 China antes de Bolsonaro, em agosto, para instalar um escrit\u00f3rio comercial em Xangai para atrair investidores para o estado e j\u00e1 anunciou que pretende retornar levando governadores do Sul e do Sudeste como convidados, lembrou um participante do F\u00f3rum.\u00a0<\/span><\/p>\n<p>&nbsp;<\/p>\n<p><span style=\"font-weight: 400\">A China, segunda maior pot\u00eancia do planeta, segundo os debatedores, vem amea\u00e7ando a hegemonia dos Estados Unidos na economia global e Bolsonaro &#8220;j\u00e1 escolheu um lado nessa guerra comercial&#8221;, de acordo com os debatedores que criticaram a aus\u00eancia do governo no F\u00f3rum.\u00a0 <\/span><\/p>\n<p>&nbsp;<\/p>\n<p><span style=\"font-weight: 400\">Ao defender a coopera\u00e7\u00e3o, o editor-chefe da Ag\u00eancia de Not\u00edcias Xinhua e presidente-executivo do F\u00f3rum, He Ping, ressaltou que as novas tecnologias midi\u00e1ticas est\u00e3o mudando profundamente o jornalismo. Segundo ele, a Xinhua vem desenvolvimento ferramentas que poderiam ser compartilhadas, como uma que gera v\u00eddeo para um clipe em seis segundos e outra que tem um apresentador de not\u00edcias virtual em v\u00e1rias l\u00ednguas. \u201cH\u00e1 um grande espa\u00e7o para coopera\u00e7\u00e3o e estamos dispostos a desenvolver esses mecanismos\u201d, destacou.<\/span><\/p>\n<p>&nbsp;<\/p>\n<p><span style=\"font-weight: 400\">O compartilhamento de base de dados entre os pa\u00edses do Brics, assim como a coopera\u00e7\u00e3o na capacita\u00e7\u00e3o dos profissionais entre os cinco pa\u00edses foram alguns exemplos de parceria citados pelos debatedores nos pain\u00e9is.\u00a0 Eles tamb\u00e9m destacaram na necessidade do fortalecimento das reda\u00e7\u00f5es, usando tecnologias para combater as not\u00edcias falsas, e, al\u00e9m disso, buscar alternativas para multiplicar os efeitos da coopera\u00e7\u00e3o.\u00a0<\/span><\/p>\n<p>&nbsp;<\/p>\n<p><span style=\"font-weight: 400\">Participaram do F\u00f3rum representantes de 55 m\u00eddias dos cinco pa\u00edses, de acordo com He Ping, &#8220;o maior p\u00fablico desse evento&#8221;. \u201cQueremos fazer uma comunidade Brics com futuro em comum e precisamos aproveitar essa tend\u00eancia do mundo de multipolaridade\u201d, disse.\u00a0\u00a0<\/span><span style=\"font-weight: 400\">O presidente do Grupo CMA, Jos\u00e9 Juan Sanchez, destacou os pontos plano de a\u00e7\u00e3o do F\u00f3rum, como assumir a responsabilidade social e promover la\u00e7os entre as pessoas e ainda defendeu a uni\u00e3o de for\u00e7as para uma coopera\u00e7\u00e3o ativa. \u201cInforma\u00e7\u00e3o \u00e9 poder. \u00c9 preciso saber lidar com isso\u201d, ressaltou.\u00a0<\/span><\/p>\n<p>&nbsp;<\/p>\n<p><strong>Origem<\/strong><\/p>\n<p>&nbsp;<\/p>\n<p>&nbsp;<\/p>\n<p><span style=\"font-weight: 400\">O termo Brics nasceu em 2001 no mercado financeiro, a partir de um anagrama com as iniciais dos pa\u00edses emergentes de crescimento r\u00e1pido cunhado pelo economista Jim O&#8217;Neill, Goldman Sachs. Em 2006, o grupo come\u00e7ou a ganhar contornos pol\u00edticos quando os chanceleres de Brasil, R\u00fassia, \u00cdndia e China come\u00e7aram a se reunir informalmente em grupos de trabalho \u00e0 margem da Assembleia Geral da Organiza\u00e7\u00e3o das Na\u00e7\u00f5es Unidas (ONU), em busca de di\u00e1logos de coopera\u00e7\u00e3o.\u00a0\u00a0<\/span><\/p>\n<p>&nbsp;<\/p>\n<p><span style=\"font-weight: 400\">A primeira c\u00fapula com chefes de Estado do Bric foi realizada em 2009, em Ecaterimburgo, na R\u00fassia. A \u00c1frica do Sul, foi inclu\u00edda formalmente em 2011, adicionando o \u201cs\u201d ao anagrama. Entre os resultados, est\u00e3o o lan\u00e7amento das duas primeiras institui\u00e7\u00f5es do mecanismo: o Novo Banco de Desenvolvimento (NDB) e o Arranjo Contingente de Reservas (ACR).<\/span><\/p>\n<p>&nbsp;<\/p>\n<p><span style=\"font-weight: 400\">A 11\u00aa C\u00fapula do Brics ser\u00e1 realizada em Bras\u00edlia nos dias 13 e 14 de novembro, no Pal\u00e1cio do Itamaraty. O lema do encontro ser\u00e1\u00a0 \u201cBrics: crescimento econ\u00f4mico para um futuro inovador\u201d. No ano passado, o evento ocorreu em Joanesburgo, na \u00c1frica do Sul.<\/span><\/p>\n<p>&nbsp;<\/p>\n<p><em>*a jornalista viajou a convite da Xinhua<\/em><\/p>\n","protected":false},"excerpt":{"rendered":"<p>ROSANA HESSEL* &nbsp; \u00c0s v\u00e9speras da 11\u00aa C\u00fapula do Brics, grupo de pa\u00edses emergentes integrado por Brasil, R\u00fassia, \u00cdndia, China e \u00c1frica do Sul, que ser\u00e1 realizada em novembro no Brasil, participantes do 4\u00ba F\u00f3rum de M\u00eddia dos Brics, defendem a coopera\u00e7\u00e3o entre os pa\u00edses, desenvolvendo uma plataforma comum. Contudo, nos pain\u00e9is de debate n\u00e3o [&hellip;]<\/p>\n","protected":false},"author":22,"featured_media":0,"comment_status":"open","ping_status":"closed","sticky":false,"template":"","format":"standard","meta":{"wpb_read_more":[],"footnotes":""},"categories":[600],"tags":[2554,378,247,246,3660,3735],"class_list":["post-12106","post","type-post","status-publish","format-standard","hentry","category-economia","tag-bolsonaro","tag-brasil","tag-brics","tag-china","tag-forum","tag-midia"],"_links":{"self":[{"href":"https:\/\/blogs2.correiobraziliense.com.br\/vicente\/wp-json\/wp\/v2\/posts\/12106","targetHints":{"allow":["GET"]}}],"collection":[{"href":"https:\/\/blogs2.correiobraziliense.com.br\/vicente\/wp-json\/wp\/v2\/posts"}],"about":[{"href":"https:\/\/blogs2.correiobraziliense.com.br\/vicente\/wp-json\/wp\/v2\/types\/post"}],"author":[{"embeddable":true,"href":"https:\/\/blogs2.correiobraziliense.com.br\/vicente\/wp-json\/wp\/v2\/users\/22"}],"replies":[{"embeddable":true,"href":"https:\/\/blogs2.correiobraziliense.com.br\/vicente\/wp-json\/wp\/v2\/comments?post=12106"}],"version-history":[{"count":1,"href":"https:\/\/blogs2.correiobraziliense.com.br\/vicente\/wp-json\/wp\/v2\/posts\/12106\/revisions"}],"predecessor-version":[{"id":12107,"href":"https:\/\/blogs2.correiobraziliense.com.br\/vicente\/wp-json\/wp\/v2\/posts\/12106\/revisions\/12107"}],"wp:attachment":[{"href":"https:\/\/blogs2.correiobraziliense.com.br\/vicente\/wp-json\/wp\/v2\/media?parent=12106"}],"wp:term":[{"taxonomy":"category","embeddable":true,"href":"https:\/\/blogs2.correiobraziliense.com.br\/vicente\/wp-json\/wp\/v2\/categories?post=12106"},{"taxonomy":"post_tag","embeddable":true,"href":"https:\/\/blogs2.correiobraziliense.com.br\/vicente\/wp-json\/wp\/v2\/tags?post=12106"}],"curies":[{"name":"wp","href":"https:\/\/api.w.org\/{rel}","templated":true}]}}