{"id":12109,"date":"2019-10-31T16:05:34","date_gmt":"2019-10-31T19:05:34","guid":{"rendered":"https:\/\/blogs2.correiobraziliense.com.br\/vicente\/?p=12109"},"modified":"2019-11-01T16:20:10","modified_gmt":"2019-11-01T19:20:10","slug":"tel-aviv-vai-se-inspirar-em-hortas-comunitarias-do-rio","status":"publish","type":"post","link":"https:\/\/blogs2.correiobraziliense.com.br\/vicente\/tel-aviv-vai-se-inspirar-em-hortas-comunitarias-do-rio\/","title":{"rendered":"Tel Aviv vai se inspirar em hortas comunit\u00e1rias do Rio"},"content":{"rendered":"<h2>ANNA RUSSI<\/h2>\n<h2><\/h2>\n<h2>O brasileiro Roberto Reuven Ladijanskic, vice prefeito de Tel Aviv, nascido no M\u00e9ier, vai se encontrar com o secret\u00e1rio de Meio Ambiente do munic\u00edpio do Rio, Bernardo Egas, no pr\u00f3ximo dia 7 de novembro no Rio. Ele vem conhecer os projetos ambientais da pasta. Entre eles, o Hortas Cariocas.<\/h2>\n<p>&nbsp;<\/p>\n<p>S\u00e3o hortas comunit\u00e1rias, cujo primordial \u00e9 que 50% da produ\u00e7\u00e3o fique com o hortel\u00e3o e 50% para comunidade local. O programa j\u00e1 conta com 47 hortas espalhadas pela cidade, que s\u00e3o mantidas por cerca de 200 hortel\u00e3os. A previs\u00e3o da produ\u00e7\u00e3o deste ano deve chegar a 70 toneladas. As hortas se transformaram em fonte de renda para as pessoas que vivem nas comunidades.<\/p>\n<p>&nbsp;<\/p>\n<p>O vice-prefeito de Tel Aviv e o secret\u00e1rio municipal ir\u00e3o colocar literalmente a m\u00e3o na massa, j\u00e1 que est\u00e1 prevista uma ida \u00e0s hortas cariocas para a colheita e para servir 100 convidados em situa\u00e7\u00e3o de vulnerabilidade de rua na Gastromotiva, do empreendedor social, David Hertz, que acaba de voltar de Nova York condecorado com o pr\u00eamio O Pr\u00eamio Charles Bronfman, entregue a um indiv\u00edduo com menos cinquenta anos, cujo trabalho humanit\u00e1rio, inovador e orientado pelos valores judaicos, tenha contribu\u00eddo significativamente para o mundo.<\/p>\n<p>&nbsp;<\/p>\n<p>O Hortas Cariocas existe h\u00e1 13 anos. Nas escolas, o objetivo do projeto \u00e9 colaborar com a educa\u00e7\u00e3o ambiental das crian\u00e7as e ajudar na merenda escolar. Nas comunidades, a meta \u00e9 ocupar terrenos ociosos que, muitas vezes, s\u00e3o ocupados por viciados em drogas, al\u00e9m de incentivar a gera\u00e7\u00e3o de renda para a popula\u00e7\u00e3o local.<\/p>\n","protected":false},"excerpt":{"rendered":"<p>ANNA RUSSI O brasileiro Roberto Reuven Ladijanskic, vice prefeito de Tel Aviv, nascido no M\u00e9ier, vai se encontrar com o secret\u00e1rio de Meio Ambiente do munic\u00edpio do Rio, Bernardo Egas, no pr\u00f3ximo dia 7 de novembro no Rio. Ele vem conhecer os projetos ambientais da pasta. Entre eles, o Hortas Cariocas. &nbsp; S\u00e3o hortas comunit\u00e1rias, [&hellip;]<\/p>\n","protected":false},"author":22,"featured_media":12110,"comment_status":"open","ping_status":"closed","sticky":false,"template":"","format":"standard","meta":{"wpb_read_more":[],"footnotes":""},"categories":[600],"tags":[4196,4195,4198,4197],"class_list":["post-12109","post","type-post","status-publish","format-standard","has-post-thumbnail","hentry","category-economia","tag-cariocas","tag-hortas","tag-tel-aviv","tag-vice-prefeito"],"_links":{"self":[{"href":"https:\/\/blogs2.correiobraziliense.com.br\/vicente\/wp-json\/wp\/v2\/posts\/12109","targetHints":{"allow":["GET"]}}],"collection":[{"href":"https:\/\/blogs2.correiobraziliense.com.br\/vicente\/wp-json\/wp\/v2\/posts"}],"about":[{"href":"https:\/\/blogs2.correiobraziliense.com.br\/vicente\/wp-json\/wp\/v2\/types\/post"}],"author":[{"embeddable":true,"href":"https:\/\/blogs2.correiobraziliense.com.br\/vicente\/wp-json\/wp\/v2\/users\/22"}],"replies":[{"embeddable":true,"href":"https:\/\/blogs2.correiobraziliense.com.br\/vicente\/wp-json\/wp\/v2\/comments?post=12109"}],"version-history":[{"count":1,"href":"https:\/\/blogs2.correiobraziliense.com.br\/vicente\/wp-json\/wp\/v2\/posts\/12109\/revisions"}],"predecessor-version":[{"id":12111,"href":"https:\/\/blogs2.correiobraziliense.com.br\/vicente\/wp-json\/wp\/v2\/posts\/12109\/revisions\/12111"}],"wp:featuredmedia":[{"embeddable":true,"href":"https:\/\/blogs2.correiobraziliense.com.br\/vicente\/wp-json\/wp\/v2\/media\/12110"}],"wp:attachment":[{"href":"https:\/\/blogs2.correiobraziliense.com.br\/vicente\/wp-json\/wp\/v2\/media?parent=12109"}],"wp:term":[{"taxonomy":"category","embeddable":true,"href":"https:\/\/blogs2.correiobraziliense.com.br\/vicente\/wp-json\/wp\/v2\/categories?post=12109"},{"taxonomy":"post_tag","embeddable":true,"href":"https:\/\/blogs2.correiobraziliense.com.br\/vicente\/wp-json\/wp\/v2\/tags?post=12109"}],"curies":[{"name":"wp","href":"https:\/\/api.w.org\/{rel}","templated":true}]}}