{"id":12116,"date":"2019-11-02T19:10:58","date_gmt":"2019-11-02T22:10:58","guid":{"rendered":"https:\/\/blogs2.correiobraziliense.com.br\/vicente\/?p=12116"},"modified":"2019-11-02T23:54:04","modified_gmt":"2019-11-03T02:54:04","slug":"o-que-bolsonaro-tanto-teme-em-relacao-ao-caso-marielle","status":"publish","type":"post","link":"https:\/\/blogs2.correiobraziliense.com.br\/vicente\/o-que-bolsonaro-tanto-teme-em-relacao-ao-caso-marielle\/","title":{"rendered":"O que Bolsonaro tanto teme em rela\u00e7\u00e3o ao caso Marielle?"},"content":{"rendered":"<h2>\u00c9 no m\u00ednimo estranho o presidente Jair Bolsonaro dizer que tem, h\u00e1 mais de um ano, as grava\u00e7\u00f5es das liga\u00e7\u00f5es feitas da portaria para as casas do condom\u00ednio onde tem resid\u00eancia, o Vivendas da Barra, no Rio.<\/h2>\n<p>&nbsp;<\/p>\n<p>Ele diz que se apoderou dos \u00e1udios para se proteger, para que as grava\u00e7\u00f5es n\u00e3o sejam &#8220;adulteradas&#8221;. A primeira pergunta que todos est\u00e3o se fazendo \u00e9 como o presidente soube das investiga\u00e7\u00f5es se ele mesmo disse que o processo corre em segredo de Justi\u00e7a.<\/p>\n<p>&nbsp;<\/p>\n<p>&#8220;N\u00f3s pegamos antes que (o \u00e1udio) fosse adulterado, pegamos l\u00e1 toda a mem\u00f3ria da secret\u00e1ria eletr\u00f4nica, que \u00e9 guardada h\u00e1 mais de ano. A voz n\u00e3o \u00e9 minha&#8221;, disse.<\/p>\n<p>&nbsp;<\/p>\n<p>O presidente se refere \u00e0s investiga\u00e7\u00f5es da pol\u00edcia \u2014 divulgadas pelo <em>Jornal Nacional<\/em>, da <em>Tev\u00ea Globo<\/em> \u2014 de que um dos porteiros do Vivendas da Barra ligou para a casa de Bolsonaro no dia do assassinato da vereadora Marielle Franco e do motorista dela, Anderson Gomes.<\/p>\n<p>&nbsp;<\/p>\n<p>Naquele dia, por volta das 17h, o\u00a0ex-PM Elcio Queiroz, suspeito de participa\u00e7\u00e3o no assassinato de Marielle e do motorista dela, ao chegar ao Vivendas da Barra, teria dito que iria \u00e0 casa 58, que pertence ao presidente.<\/p>\n<p>&nbsp;<\/p>\n<p>Segundo depoimento porteiro, cujo nome \u00e9 mantido em sigilo, uma liga\u00e7\u00e3o teria sido feita para a casa 58 e que &#8220;seu Jair&#8221; atendeu o telefone e autorizou a entrada de \u00c9lcio Queiroz.<\/p>\n<p>&nbsp;<\/p>\n<p>Tamb\u00e9m, segundo o porteiro, Elcio Queiroz seguiu para a casa de Ronnie Lessa, outro suspeito do assassinato da vereadora. Naquele dia, por\u00e9m, Bolsonaro estava em Bras\u00edlia, como mostram registros da C\u00e2mara dos Deputados.<\/p>\n<p>&nbsp;<\/p>\n<p><strong>Ditado popular<\/strong><\/p>\n<p>&nbsp;<\/p>\n<p>Se n\u00e3o tem nada a temer, por que Bolsonaro teve tanta preocupa\u00e7\u00e3o em se apoderar das grava\u00e7\u00f5es da portaria do condom\u00ednio onde tem casa? Como diz um ditado popular, quem n\u00e3o deve, n\u00e3o teme.<\/p>\n<p>&nbsp;<\/p>\n<p>Um coisa \u00e9 certa nessa hist\u00f3ria: se o depoimento do porteiro do Vivendas da Barra n\u00e3o tivesse sido revelado, esse peda\u00e7o importante das investiga\u00e7\u00f5es da morte de Marielle \u2014 o depoimento do porteiro \u2014 ficaria escondido.<\/p>\n<p>&nbsp;<\/p>\n<p>Diante de tudo o que se viu at\u00e9 agora, h\u00e1 algo de muito podre no ar. Se a Justi\u00e7a n\u00e3o tiver coragem de mostrar o que aconteceu, caber\u00e1 a imprensa apresentar a verdade ao Brasil.<\/p>\n<p>&nbsp;<\/p>\n<p>Talvez, por isso, o jornalismo esteja sendo t\u00e3o atacado. Mas n\u00e3o ser\u00e3o as declara\u00e7\u00f5es virulentas que todos viram nos \u00faltimos dias que v\u00e3o intimidar aqueles que t\u00eam compromisso com a verdade.<\/p>\n<p>&nbsp;<\/p>\n<p><em>Bras\u00edlia, 19h10min<\/em><\/p>\n","protected":false},"excerpt":{"rendered":"<p>\u00c9 no m\u00ednimo estranho o presidente Jair Bolsonaro dizer que tem, h\u00e1 mais de um ano, as grava\u00e7\u00f5es das liga\u00e7\u00f5es feitas da portaria para as casas do condom\u00ednio onde tem resid\u00eancia, o Vivendas da Barra, no Rio. &nbsp; Ele diz que se apoderou dos \u00e1udios para se proteger, para que as grava\u00e7\u00f5es n\u00e3o sejam &#8220;adulteradas&#8221;. [&hellip;]<\/p>\n","protected":false},"author":22,"featured_media":10489,"comment_status":"open","ping_status":"closed","sticky":false,"template":"","format":"standard","meta":{"wpb_read_more":[],"footnotes":""},"categories":[600],"tags":[3229,4200,2554,4201,4199,3228],"class_list":["post-12116","post","type-post","status-publish","format-standard","has-post-thumbnail","hentry","category-economia","tag-assassinato","tag-audios","tag-bolsonaro","tag-elcio-queiroz","tag-gravacoes","tag-marielle"],"_links":{"self":[{"href":"https:\/\/blogs2.correiobraziliense.com.br\/vicente\/wp-json\/wp\/v2\/posts\/12116","targetHints":{"allow":["GET"]}}],"collection":[{"href":"https:\/\/blogs2.correiobraziliense.com.br\/vicente\/wp-json\/wp\/v2\/posts"}],"about":[{"href":"https:\/\/blogs2.correiobraziliense.com.br\/vicente\/wp-json\/wp\/v2\/types\/post"}],"author":[{"embeddable":true,"href":"https:\/\/blogs2.correiobraziliense.com.br\/vicente\/wp-json\/wp\/v2\/users\/22"}],"replies":[{"embeddable":true,"href":"https:\/\/blogs2.correiobraziliense.com.br\/vicente\/wp-json\/wp\/v2\/comments?post=12116"}],"version-history":[{"count":2,"href":"https:\/\/blogs2.correiobraziliense.com.br\/vicente\/wp-json\/wp\/v2\/posts\/12116\/revisions"}],"predecessor-version":[{"id":12119,"href":"https:\/\/blogs2.correiobraziliense.com.br\/vicente\/wp-json\/wp\/v2\/posts\/12116\/revisions\/12119"}],"wp:featuredmedia":[{"embeddable":true,"href":"https:\/\/blogs2.correiobraziliense.com.br\/vicente\/wp-json\/wp\/v2\/media\/10489"}],"wp:attachment":[{"href":"https:\/\/blogs2.correiobraziliense.com.br\/vicente\/wp-json\/wp\/v2\/media?parent=12116"}],"wp:term":[{"taxonomy":"category","embeddable":true,"href":"https:\/\/blogs2.correiobraziliense.com.br\/vicente\/wp-json\/wp\/v2\/categories?post=12116"},{"taxonomy":"post_tag","embeddable":true,"href":"https:\/\/blogs2.correiobraziliense.com.br\/vicente\/wp-json\/wp\/v2\/tags?post=12116"}],"curies":[{"name":"wp","href":"https:\/\/api.w.org\/{rel}","templated":true}]}}