{"id":12124,"date":"2019-11-04T10:42:52","date_gmt":"2019-11-04T13:42:52","guid":{"rendered":"https:\/\/blogs2.correiobraziliense.com.br\/vicente\/?p=12124"},"modified":"2019-11-04T18:20:10","modified_gmt":"2019-11-04T21:20:10","slug":"barraco-em-condominio-da-aguas-claras-vai-parar-na-delegacia","status":"publish","type":"post","link":"https:\/\/blogs2.correiobraziliense.com.br\/vicente\/barraco-em-condominio-da-aguas-claras-vai-parar-na-delegacia\/","title":{"rendered":"Barraco em condom\u00ednio da \u00c1guas Claras vai parar na delegacia"},"content":{"rendered":"<h2>Um convidado de um policial civil provocou a maior confus\u00e3o em um condom\u00ednio de \u00c1guas Claras. A ideia era fazer uma reuni\u00e3o para assistir a goleada do Flamengo sobre o Corinthians. Mas o que deveria ser uma comemora\u00e7\u00e3o civilizada se transformou em um barraco.<\/h2>\n<p>&nbsp;<\/p>\n<p>Expulso da festa por importuna\u00e7\u00e3o, o convidado, de 19 anos, saiu quebrando tudo do pr\u00e9dio: elevador, extintores, escadas. O estrago foi tamanho, que algumas \u00e1reas do edif\u00edcio tiveram que ser isoladas para per\u00edcia. O vandalismo foi registrado na 21\u00aa Delegacia.<\/p>\n<p>&nbsp;<\/p>\n<p>N\u00e3o \u00e9 de hoje que festas promovidas por esse policial acabam em confus\u00e3o no condom\u00ednio. As queixas de quem vive no local s\u00e3o frequentes. Mesmo tendo sido chamado a aten\u00e7\u00e3o v\u00e1rias vezes, esse policial acaba convidando para suas festas pessoas que acabam criando problemas.<\/p>\n<p>&nbsp;<\/p>\n<p><a href=\"https:\/\/blogs2.correiobraziliense.com.br\/vicente\/wp-content\/uploads\/sites\/16\/2019\/11\/TopLife1.jpg\"><img loading=\"lazy\" decoding=\"async\" class=\"wp-image-12126 alignleft\" src=\"https:\/\/blogs2.correiobraziliense.com.br\/vicente\/wp-content\/uploads\/sites\/16\/2019\/11\/TopLife1-768x1024.jpg\" alt=\"\" width=\"331\" height=\"441\" srcset=\"https:\/\/blogs2.correiobraziliense.com.br\/vicente\/wp-content\/uploads\/sites\/16\/2019\/11\/TopLife1-768x1024.jpg 768w, https:\/\/blogs2.correiobraziliense.com.br\/vicente\/wp-content\/uploads\/sites\/16\/2019\/11\/TopLife1-225x300.jpg 225w, https:\/\/blogs2.correiobraziliense.com.br\/vicente\/wp-content\/uploads\/sites\/16\/2019\/11\/TopLife1-263x350.jpg 263w, https:\/\/blogs2.correiobraziliense.com.br\/vicente\/wp-content\/uploads\/sites\/16\/2019\/11\/TopLife1-550x733.jpg 550w, https:\/\/blogs2.correiobraziliense.com.br\/vicente\/wp-content\/uploads\/sites\/16\/2019\/11\/TopLife1-230x307.jpg 230w, https:\/\/blogs2.correiobraziliense.com.br\/vicente\/wp-content\/uploads\/sites\/16\/2019\/11\/TopLife1.jpg 960w\" sizes=\"auto, (max-width: 331px) 100vw, 331px\" \/><\/a><\/p>\n<p>Desta vez, por\u00e9m, o convidado do policial passou de todos os limites, dizem moradores e funcion\u00e1rios do condom\u00ednio, o Top Life, conhecido por abrigar muitos servidores das pol\u00edcias civil e militar. Os envolvidos na confus\u00e3o dever\u00e3o ser processados pelo condom\u00ednio, que pedir\u00e1 ressarcimento pelos estragos.<\/p>\n<p>&nbsp;<\/p>\n<p>Veja a nota divulgada pela s\u00edndica do sub-condom\u00ednio Punta del Leste, do Top Life:<\/p>\n<p>&nbsp;<\/p>\n<p><em>&#8220;Prezados vizinhos, vimos por meio desta, informar que, no dia 03 de novembro ( domingo ), por volta das 20h, houve uma ocorr\u00eancia no bloco J envolvendo visitante de morador ( todos identificados ). Diante da gravidade dos fatos, foi necess\u00e1rio um registro de BO na 21 Delegacia de Pol\u00edcia. O local em que ocorreu o fato, foi isolado e demarcado, para que haja a per\u00edcia policial assim como orientado na pr\u00f3pria delegacia. As imagens do circuito interno de tev\u00ea est\u00e3o sendo preservadas para a disposi\u00e7\u00e3o da Justi\u00e7a. O condom\u00ednio acionou o jur\u00eddico para que sejam tomadas as necessidades cab\u00edveis. Repudiamos todo ato de vandalismo e informamos que as medidas administrativas est\u00e3o sendo tomadas, e que deixamos a cargo da pol\u00edcia e da Justi\u00e7a suas devidas atribui\u00e7\u00f5es. Nosso pesar a todos os moradores que se depararam com a cena constrangedora nessa noite de domingo.&#8221;<\/em><\/p>\n<p>&nbsp;<\/p>\n<p><em>Bras\u00edlia, 10h42min<\/em><\/p>\n","protected":false},"excerpt":{"rendered":"<p>Um convidado de um policial civil provocou a maior confus\u00e3o em um condom\u00ednio de \u00c1guas Claras. A ideia era fazer uma reuni\u00e3o para assistir a goleada do Flamengo sobre o Corinthians. Mas o que deveria ser uma comemora\u00e7\u00e3o civilizada se transformou em um barraco. &nbsp; Expulso da festa por importuna\u00e7\u00e3o, o convidado, de 19 anos, [&hellip;]<\/p>\n","protected":false},"author":22,"featured_media":12125,"comment_status":"open","ping_status":"closed","sticky":false,"template":"","format":"standard","meta":{"wpb_read_more":[],"footnotes":""},"categories":[600],"tags":[3503,4205,3647,4207,4206,3500,4204],"class_list":["post-12124","post","type-post","status-publish","format-standard","has-post-thumbnail","hentry","category-economia","tag-aguas-claras","tag-barraco","tag-condominio","tag-corinthians","tag-flamengo","tag-jogo","tag-policial"],"_links":{"self":[{"href":"https:\/\/blogs2.correiobraziliense.com.br\/vicente\/wp-json\/wp\/v2\/posts\/12124","targetHints":{"allow":["GET"]}}],"collection":[{"href":"https:\/\/blogs2.correiobraziliense.com.br\/vicente\/wp-json\/wp\/v2\/posts"}],"about":[{"href":"https:\/\/blogs2.correiobraziliense.com.br\/vicente\/wp-json\/wp\/v2\/types\/post"}],"author":[{"embeddable":true,"href":"https:\/\/blogs2.correiobraziliense.com.br\/vicente\/wp-json\/wp\/v2\/users\/22"}],"replies":[{"embeddable":true,"href":"https:\/\/blogs2.correiobraziliense.com.br\/vicente\/wp-json\/wp\/v2\/comments?post=12124"}],"version-history":[{"count":8,"href":"https:\/\/blogs2.correiobraziliense.com.br\/vicente\/wp-json\/wp\/v2\/posts\/12124\/revisions"}],"predecessor-version":[{"id":12134,"href":"https:\/\/blogs2.correiobraziliense.com.br\/vicente\/wp-json\/wp\/v2\/posts\/12124\/revisions\/12134"}],"wp:featuredmedia":[{"embeddable":true,"href":"https:\/\/blogs2.correiobraziliense.com.br\/vicente\/wp-json\/wp\/v2\/media\/12125"}],"wp:attachment":[{"href":"https:\/\/blogs2.correiobraziliense.com.br\/vicente\/wp-json\/wp\/v2\/media?parent=12124"}],"wp:term":[{"taxonomy":"category","embeddable":true,"href":"https:\/\/blogs2.correiobraziliense.com.br\/vicente\/wp-json\/wp\/v2\/categories?post=12124"},{"taxonomy":"post_tag","embeddable":true,"href":"https:\/\/blogs2.correiobraziliense.com.br\/vicente\/wp-json\/wp\/v2\/tags?post=12124"}],"curies":[{"name":"wp","href":"https:\/\/api.w.org\/{rel}","templated":true}]}}