{"id":12135,"date":"2019-11-04T17:43:04","date_gmt":"2019-11-04T20:43:04","guid":{"rendered":"https:\/\/blogs2.correiobraziliense.com.br\/vicente\/?p=12135"},"modified":"2019-11-04T21:34:47","modified_gmt":"2019-11-05T00:34:47","slug":"vandalo-que-danificou-condominio-em-aguas-claras-foi-autuado-em-flagrante-diz-pcdf","status":"publish","type":"post","link":"https:\/\/blogs2.correiobraziliense.com.br\/vicente\/vandalo-que-danificou-condominio-em-aguas-claras-foi-autuado-em-flagrante-diz-pcdf\/","title":{"rendered":"V\u00e2ndalo que danificou condom\u00ednio em \u00c1guas Claras foi autuado em flagrante, diz PCDF"},"content":{"rendered":"<h2>A Pol\u00edcia Civil do Distrito Federal assegura, em nota, que n\u00e3o h\u00e1 nenhum integrante da corpora\u00e7\u00e3o envolvido nos atos de vandalismo que destru\u00edram parte de um pr\u00e9dio de um condom\u00ednio em \u00c1guas Claras.<\/h2>\n<p>&nbsp;<\/p>\n<p>Segundo a PCDF, um convidado de um morador foi o respons\u00e1vel pela destrui\u00e7\u00e3o. O v\u00e2ndalo foi conduzido at\u00e9 \u00e0 21\u00aa Delegacia por um policial militar.<\/p>\n<p>&nbsp;<\/p>\n<p>A PCDF acrescenta que um agente policial de cust\u00f3dia, que testemunhou o acontecido, prestou todo o apoio necess\u00e1rio para a solu\u00e7\u00e3o do conflito, &#8220;inclusive dominando e imobilizando o envolvido&#8221;.<\/p>\n<p>&nbsp;<\/p>\n<p>De acordo com a Pol\u00edcia Civil, &#8220;o indiv\u00edduo foi autuado em flagrante na 21\u00aa Delegacia de Pol\u00edcia pelo crime de dano e assinou um Termo de Compromisso de Comparecimento \u00e0 Justi\u00e7a e foi liberado&#8221;.<\/p>\n<p>&nbsp;<\/p>\n<p>A PCDF ressalta, ainda, que, ao contr\u00e1rio do que informou o <strong>Blog<\/strong> mais cedo, &#8220;nenhum policial civil se envolveu em confus\u00e3o em um condom\u00ednio de \u00c1guas Claras&#8221;.<\/p>\n<p>&nbsp;<\/p>\n<p><strong>Rep\u00fadio<\/strong><\/p>\n<p>&nbsp;<\/p>\n<p>O condom\u00ednio Top Life, tamb\u00e9m por meio de nota, pediu desculpas a todos os moradores. O vandalismo ocorreu no Bloco J, por volta das 20h de domingo, 3 de novembro.<\/p>\n<p>&nbsp;<\/p>\n<p>&#8220;Diante da gravidade dos fatos, foi necess\u00e1rio um registro de um BO (Boletim de Ocorr\u00eancia) na 21\u00aa Delegacia de Pol\u00edcia. O local em que ocorreu o fato foi isolado e demarcado, para que haja a per\u00edcia policial assim como orientado na pr\u00f3pria delegacia&#8221;.<\/p>\n<p>&nbsp;<\/p>\n<p>O condom\u00ednio informa ainda que as imagens do circuito interno de tev\u00ea est\u00e3o preservadas e \u00e0 disposi\u00e7\u00e3o da Justi\u00e7a. &#8220;O condom\u00ednio acionou seu (departamento) jur\u00eddico para que sejam tomadas as necessidades cab\u00edveis.&#8221;<\/p>\n<p>&nbsp;<\/p>\n<p>O Top Life assinala tamb\u00e9m, na nota, que repudia &#8220;todo ato de vandalismo&#8221; e informa que as medidas administrativas est\u00e3o sendo tomadas. &#8220;Deixamos a cargo da pol\u00edcia e da Justi\u00e7a as suas devidas atribui\u00e7\u00f5es. Nosso pesar a todos os moradores que se depararam com a cena constrangedora nessa noite de domingo&#8221;, frisa.<\/p>\n<p>&nbsp;<\/p>\n<p><em>Bras\u00edlia, 17h43min<\/em><\/p>\n","protected":false},"excerpt":{"rendered":"<p>A Pol\u00edcia Civil do Distrito Federal assegura, em nota, que n\u00e3o h\u00e1 nenhum integrante da corpora\u00e7\u00e3o envolvido nos atos de vandalismo que destru\u00edram parte de um pr\u00e9dio de um condom\u00ednio em \u00c1guas Claras. &nbsp; Segundo a PCDF, um convidado de um morador foi o respons\u00e1vel pela destrui\u00e7\u00e3o. O v\u00e2ndalo foi conduzido at\u00e9 \u00e0 21\u00aa Delegacia [&hellip;]<\/p>\n","protected":false},"author":22,"featured_media":12136,"comment_status":"open","ping_status":"closed","sticky":false,"template":"","format":"standard","meta":{"wpb_read_more":[],"footnotes":""},"categories":[600],"tags":[3503,3647,4209,4208],"class_list":["post-12135","post","type-post","status-publish","format-standard","has-post-thumbnail","hentry","category-economia","tag-aguas-claras","tag-condominio","tag-pcdf","tag-vandalismo"],"_links":{"self":[{"href":"https:\/\/blogs2.correiobraziliense.com.br\/vicente\/wp-json\/wp\/v2\/posts\/12135","targetHints":{"allow":["GET"]}}],"collection":[{"href":"https:\/\/blogs2.correiobraziliense.com.br\/vicente\/wp-json\/wp\/v2\/posts"}],"about":[{"href":"https:\/\/blogs2.correiobraziliense.com.br\/vicente\/wp-json\/wp\/v2\/types\/post"}],"author":[{"embeddable":true,"href":"https:\/\/blogs2.correiobraziliense.com.br\/vicente\/wp-json\/wp\/v2\/users\/22"}],"replies":[{"embeddable":true,"href":"https:\/\/blogs2.correiobraziliense.com.br\/vicente\/wp-json\/wp\/v2\/comments?post=12135"}],"version-history":[{"count":2,"href":"https:\/\/blogs2.correiobraziliense.com.br\/vicente\/wp-json\/wp\/v2\/posts\/12135\/revisions"}],"predecessor-version":[{"id":12146,"href":"https:\/\/blogs2.correiobraziliense.com.br\/vicente\/wp-json\/wp\/v2\/posts\/12135\/revisions\/12146"}],"wp:featuredmedia":[{"embeddable":true,"href":"https:\/\/blogs2.correiobraziliense.com.br\/vicente\/wp-json\/wp\/v2\/media\/12136"}],"wp:attachment":[{"href":"https:\/\/blogs2.correiobraziliense.com.br\/vicente\/wp-json\/wp\/v2\/media?parent=12135"}],"wp:term":[{"taxonomy":"category","embeddable":true,"href":"https:\/\/blogs2.correiobraziliense.com.br\/vicente\/wp-json\/wp\/v2\/categories?post=12135"},{"taxonomy":"post_tag","embeddable":true,"href":"https:\/\/blogs2.correiobraziliense.com.br\/vicente\/wp-json\/wp\/v2\/tags?post=12135"}],"curies":[{"name":"wp","href":"https:\/\/api.w.org\/{rel}","templated":true}]}}