{"id":12138,"date":"2019-11-04T18:01:08","date_gmt":"2019-11-04T21:01:08","guid":{"rendered":"https:\/\/blogs2.correiobraziliense.com.br\/vicente\/?p=12138"},"modified":"2019-11-04T20:51:13","modified_gmt":"2019-11-04T23:51:13","slug":"para-augusto-aras-judicializacao-da-saude-faz-com-que-cidadao-enfrente-duas-filas-a-do-sus-e-a-dos-tribunais","status":"publish","type":"post","link":"https:\/\/blogs2.correiobraziliense.com.br\/vicente\/para-augusto-aras-judicializacao-da-saude-faz-com-que-cidadao-enfrente-duas-filas-a-do-sus-e-a-dos-tribunais\/","title":{"rendered":"Para Augusto Aras, judicializa\u00e7\u00e3o da sa\u00fade faz com que cidad\u00e3o enfrente duas filas, a do SUS e a dos tribunais"},"content":{"rendered":"<h2>Os brasileiros que recorrem \u00e0 Justi\u00e7a para garantir atendimento na \u00e1rea de sa\u00fade acabam entrando em dua filas: a do SUS (Sistema \u00danico da Sa\u00fade) e a dos tribunais. \u00c9 o que diz o procurador-geral da Rep\u00fablica, Augusto Aras.<\/h2>\n<p>&nbsp;<\/p>\n<p>Segundo ele, para reduzir essa judicializa\u00e7\u00e3o, que custou R$ 1 bilh\u00e3o ao governo em 2016, \u00e9 preciso que haja um\u00a0controle pr\u00e9vio da gest\u00e3o em sa\u00fade e a media\u00e7\u00e3o nos tribunais estaduais. \u201cSa\u00fade \u00e9 o segundo tema de atua\u00e7\u00e3o do Minist\u00e9rio P\u00fablico. Hoje, o cidad\u00e3o entra em duas filas: a do SUS, e a do Tribunal\u201d, afirma. A ideia, afirma ele, \u00e9 criar uma c\u00e2mara exclusiva dentro da PGR para tratar do tema.<\/p>\n<p>&nbsp;<\/p>\n<p>A iniciativa da PGR vem com atraso, mas \u00e9 vital. Motivo: muitas vezes, os cidad\u00e3os morrem nas duas filas, ou seja, sem ter o atendimento do SUS e a decis\u00e3o da Justi\u00e7a. Um dos caminho para evitar essas trag\u00e9dias \u00e9 dar maior efici\u00eancia \u00e0 administra\u00e7\u00e3o dos recursos p\u00fablicos e conter a corrup\u00e7\u00e3o.<\/p>\n<p>&nbsp;<\/p>\n<p>Tanto Aras quanto o presidente do Tribunal de Contas da Uni\u00e3o (TCU), ministro Jos\u00e9 Mucio Monteiro, defendem a unidade de normas de controle nas institui\u00e7\u00f5es de fiscaliza\u00e7\u00e3o para dar seguran\u00e7a jur\u00eddica a gestores p\u00fablicos e privados. Os dois participaram da abertura do semin\u00e1rio Sa\u00fade: Transpar\u00eancia e Controle nas parcerias com Organiza\u00e7\u00f5es Sociais.<\/p>\n<p>&nbsp;<\/p>\n<p><strong>Inseguran\u00e7a<\/strong><\/p>\n<p>&nbsp;<\/p>\n<p>Para o professor de Direito da FGV, Carlos Ari Sundfeld, a descoordena\u00e7\u00e3o dos agentes de sa\u00fade acaba resultando em inseguran\u00e7a jur\u00eddica. N\u00e3o por acaso, as queixas s\u00e3o gerais. &#8220;Um dos problemas desse pluralismo \u00e9 a descoordena\u00e7\u00e3o\u201d.<\/p>\n<p>&nbsp;<\/p>\n<p>Ele defende a materializa\u00e7\u00e3o do planejamento, com metas claras, para reduzir os riscos de corrup\u00e7\u00e3o na sa\u00fade e em outras \u00e1reas. \u201cMetas claras v\u00e3o gerar bons contratos com Organiza\u00e7\u00f5es Sociais na Sa\u00fade, v\u00e3o gerar bons servidores, e bons servi\u00e7os \u00e0 sociedade\u201d, afirma.<\/p>\n<p>&nbsp;<\/p>\n<p>Na avalia\u00e7\u00e3o da professora\u00a0L\u00edgia Maura Costa, da FGVEthics, os principais riscos para o cumprimento das regras de compliance, que evitam a corrup\u00e7\u00e3o no setor de sa\u00fade, s\u00e3o a comunica\u00e7\u00e3o, a rela\u00e7\u00e3o com o governo, os patroc\u00ednios e as doa\u00e7\u00f5es, os suborno, as informa\u00e7\u00f5es confidenciais e o uso de \u00e1lcool e drogas.<\/p>\n<p>&nbsp;<\/p>\n<p>Carlos Gouv\u00eaa, diretor executivo do Instituto \u00c9tica Sa\u00fade, que desenvolveu uma ferramenta de monitoramento do setor, concorda que o setor de sa\u00fade \u00e9 vulner\u00e1vel \u00e0 corrup\u00e7\u00e3o. Ele diz que uma pesquisa da consultoria KPMG mostra que 66% dos entrevistados em empresas do setor disseram que fraudam o sistema por \u201csimples ganho financeiro ou cobi\u00e7a e 27%, \u201cporque eu posso\u201d.<\/p>\n<p>&nbsp;<\/p>\n<p>Enquanto isso, milhares de brasileiros sofrem para ter acesso a atendimento b\u00e1sico, enfrentado o descaso e desrespeito.<\/p>\n<p>&nbsp;<\/p>\n<p><em>Bras\u00edlia, 18h01min<\/em><\/p>\n","protected":false},"excerpt":{"rendered":"<p>Os brasileiros que recorrem \u00e0 Justi\u00e7a para garantir atendimento na \u00e1rea de sa\u00fade acabam entrando em dua filas: a do SUS (Sistema \u00danico da Sa\u00fade) e a dos tribunais. \u00c9 o que diz o procurador-geral da Rep\u00fablica, Augusto Aras. &nbsp; Segundo ele, para reduzir essa judicializa\u00e7\u00e3o, que custou R$ 1 bilh\u00e3o ao governo em 2016, [&hellip;]<\/p>\n","protected":false},"author":22,"featured_media":11742,"comment_status":"open","ping_status":"closed","sticky":false,"template":"","format":"standard","meta":{"wpb_read_more":[],"footnotes":""},"categories":[600],"tags":[4067,255,4210,579,453],"class_list":["post-12138","post","type-post","status-publish","format-standard","has-post-thumbnail","hentry","category-economia","tag-augusto-aras","tag-corrupcao","tag-judicializacao","tag-saude","tag-sus"],"_links":{"self":[{"href":"https:\/\/blogs2.correiobraziliense.com.br\/vicente\/wp-json\/wp\/v2\/posts\/12138","targetHints":{"allow":["GET"]}}],"collection":[{"href":"https:\/\/blogs2.correiobraziliense.com.br\/vicente\/wp-json\/wp\/v2\/posts"}],"about":[{"href":"https:\/\/blogs2.correiobraziliense.com.br\/vicente\/wp-json\/wp\/v2\/types\/post"}],"author":[{"embeddable":true,"href":"https:\/\/blogs2.correiobraziliense.com.br\/vicente\/wp-json\/wp\/v2\/users\/22"}],"replies":[{"embeddable":true,"href":"https:\/\/blogs2.correiobraziliense.com.br\/vicente\/wp-json\/wp\/v2\/comments?post=12138"}],"version-history":[{"count":4,"href":"https:\/\/blogs2.correiobraziliense.com.br\/vicente\/wp-json\/wp\/v2\/posts\/12138\/revisions"}],"predecessor-version":[{"id":12142,"href":"https:\/\/blogs2.correiobraziliense.com.br\/vicente\/wp-json\/wp\/v2\/posts\/12138\/revisions\/12142"}],"wp:featuredmedia":[{"embeddable":true,"href":"https:\/\/blogs2.correiobraziliense.com.br\/vicente\/wp-json\/wp\/v2\/media\/11742"}],"wp:attachment":[{"href":"https:\/\/blogs2.correiobraziliense.com.br\/vicente\/wp-json\/wp\/v2\/media?parent=12138"}],"wp:term":[{"taxonomy":"category","embeddable":true,"href":"https:\/\/blogs2.correiobraziliense.com.br\/vicente\/wp-json\/wp\/v2\/categories?post=12138"},{"taxonomy":"post_tag","embeddable":true,"href":"https:\/\/blogs2.correiobraziliense.com.br\/vicente\/wp-json\/wp\/v2\/tags?post=12138"}],"curies":[{"name":"wp","href":"https:\/\/api.w.org\/{rel}","templated":true}]}}