{"id":1214,"date":"2016-06-02T17:05:03","date_gmt":"2016-06-02T20:05:03","guid":{"rendered":"https:\/\/blogs2.correiobraziliense.com.br\/vicente\/?p=1214"},"modified":"2016-06-03T07:58:23","modified_gmt":"2016-06-03T10:58:23","slug":"o-populismo-de-temer","status":"publish","type":"post","link":"https:\/\/blogs2.correiobraziliense.com.br\/vicente\/o-populismo-de-temer\/","title":{"rendered":"O populismo de Temer"},"content":{"rendered":"<p>O motivo principal de o governo Dilma Rousseff ruir foi o descompromisso com o ajuste fiscal. Apesar de todos os alertas, pisou fundo na gastan\u00e7a, acreditando na for\u00e7a do Estado em impulsionar a economia. Colheu o que todos estamos vendo: recess\u00e3o, infla\u00e7\u00e3o alta, desemprego. Michel Temer, no discurso de posse como interino, enfatizou seu compromisso com o equil\u00edbrio das contas p\u00fablicas. Duas semanas depois, o que se v\u00ea \u00e9 um Temer mais parecido com Dilma, com reca\u00eddas para o populismo.<\/p>\n<p>&nbsp;<\/p>\n<p>\u00c9 inaceit\u00e1vel que o presidente interino trate como natural a farra dos reajustes de servidores aprovados pela C\u00e2mara dos Deputados, uma fatura de R$ 58 bilh\u00f5es em quatro anos. O discurso de que esse \u00e9 um ato menor, que j\u00e1 estava previsto no Or\u00e7amento, que o compromisso com o ajuste fiscal est\u00e1 mantido, cheira \u00e0 propaganda enganosa, cujos resultados s\u00e3o sempre ruins. Se realmente quisesse ajustar as contas, depois de anunciar uma meta com deficit de at\u00e9 R$ 170,5 bilh\u00f5es neste ano, Temer deveria ser o primeiro a gritar contra os aumentos em cascata para o funcionalismo p\u00fablico (estados e munic\u00edpios, que est\u00e3o quebrados, tamb\u00e9m ser\u00e3o atingidos). Pelo contr\u00e1rio, deu aval imediato \u00e0 loucura.<\/p>\n<p>&nbsp;<\/p>\n<p>Nem mesmo o sempre sensato ministro da Fazenda, Henrique Meirelles, se livrou da praga do populismo. Logo ele que, em entrevista ao <strong>Correio,<\/strong> disse que, para tirar o Brasil do atoleiro, todos teriam que dar sua cota de sacrif\u00edcio, inclusive os servidores p\u00fablicos. Agora, o ministro diz que n\u00e3o \u00e9 bem assim, que \u00e9 preciso olhar o todo do que est\u00e1 sendo feito feito pelo governo e n\u00e3o se apegar a um detalhe. Pois foi de detalhe em detalhe, de erro em erro, que Dilma quebrou o pa\u00eds.<\/p>\n<p>&nbsp;<\/p>\n<p>Ningu\u00e9m merece uma c\u00f3pia piorada do governo Dilma. Temer e Meirelles devem manter a palavra. O Brasil n\u00e3o aguenta mais governos interessados apenas em obter apoio popular adotando medidas que, mais \u00e0 frente, v\u00e3o custar caro. Foi dado um voto de confian\u00e7a ao governo provis\u00f3rio. Acreditou-se que uma mudan\u00e7a efetiva no trato das contas p\u00fablicas estava a caminho. Por enquanto, o que vemos \u00e9 um filme repetido. E da pior qualidade.<\/p>\n<p>&nbsp;<\/p>\n<p><em>Bras\u00edlia, 17h05min<\/em><\/p>\n","protected":false},"excerpt":{"rendered":"<p>O motivo principal de o governo Dilma Rousseff ruir foi o descompromisso com o ajuste fiscal. Apesar de todos os alertas, pisou fundo na gastan\u00e7a, acreditando na for\u00e7a do Estado em impulsionar a economia. Colheu o que todos estamos vendo: recess\u00e3o, infla\u00e7\u00e3o alta, desemprego. Michel Temer, no discurso de posse como interino, enfatizou seu compromisso [&hellip;]<\/p>\n","protected":false},"author":22,"featured_media":0,"comment_status":"open","ping_status":"closed","sticky":false,"template":"","format":"standard","meta":{"wpb_read_more":[],"footnotes":""},"categories":[1],"tags":[133,134,11,21,111,132,123],"class_list":["post-1214","post","type-post","status-publish","format-standard","hentry","category-sem-categoria","tag-aumento","tag-camara","tag-dilma-rousseff","tag-henrique-meirelles","tag-michel-temer","tag-propaganda-enganosa","tag-servidores"],"_links":{"self":[{"href":"https:\/\/blogs2.correiobraziliense.com.br\/vicente\/wp-json\/wp\/v2\/posts\/1214","targetHints":{"allow":["GET"]}}],"collection":[{"href":"https:\/\/blogs2.correiobraziliense.com.br\/vicente\/wp-json\/wp\/v2\/posts"}],"about":[{"href":"https:\/\/blogs2.correiobraziliense.com.br\/vicente\/wp-json\/wp\/v2\/types\/post"}],"author":[{"embeddable":true,"href":"https:\/\/blogs2.correiobraziliense.com.br\/vicente\/wp-json\/wp\/v2\/users\/22"}],"replies":[{"embeddable":true,"href":"https:\/\/blogs2.correiobraziliense.com.br\/vicente\/wp-json\/wp\/v2\/comments?post=1214"}],"version-history":[{"count":3,"href":"https:\/\/blogs2.correiobraziliense.com.br\/vicente\/wp-json\/wp\/v2\/posts\/1214\/revisions"}],"predecessor-version":[{"id":1217,"href":"https:\/\/blogs2.correiobraziliense.com.br\/vicente\/wp-json\/wp\/v2\/posts\/1214\/revisions\/1217"}],"wp:attachment":[{"href":"https:\/\/blogs2.correiobraziliense.com.br\/vicente\/wp-json\/wp\/v2\/media?parent=1214"}],"wp:term":[{"taxonomy":"category","embeddable":true,"href":"https:\/\/blogs2.correiobraziliense.com.br\/vicente\/wp-json\/wp\/v2\/categories?post=1214"},{"taxonomy":"post_tag","embeddable":true,"href":"https:\/\/blogs2.correiobraziliense.com.br\/vicente\/wp-json\/wp\/v2\/tags?post=1214"}],"curies":[{"name":"wp","href":"https:\/\/api.w.org\/{rel}","templated":true}]}}