{"id":12195,"date":"2019-11-12T15:43:09","date_gmt":"2019-11-12T18:43:09","guid":{"rendered":"https:\/\/blogs2.correiobraziliense.com.br\/vicente\/?p=12195"},"modified":"2019-11-13T20:57:16","modified_gmt":"2019-11-13T23:57:16","slug":"eduardo-bolsonaro-ordena-e-10-deputados-do-psl-ficam-de-fora-de-reuniao-sobre-novo-partido","status":"publish","type":"post","link":"https:\/\/blogs2.correiobraziliense.com.br\/vicente\/eduardo-bolsonaro-ordena-e-10-deputados-do-psl-ficam-de-fora-de-reuniao-sobre-novo-partido\/","title":{"rendered":"Eduardo Bolsonaro ordena e 10 deputados do PSL ficam de fora de reuni\u00e3o sobre novo partido"},"content":{"rendered":"<h2>RODOLFO COSTA<\/h2>\n<h2><\/h2>\n<h2>A ruptura do PSL se encaminha para um processo inevit\u00e1vel. A reuni\u00e3o marcada nesta ter\u00e7a-feira (12\/11) para discutir, no Pal\u00e1cio do Planalto, a cria\u00e7\u00e3o de uma nova legenda e os rumos da ala &#8220;bolsonarista&#8221; na C\u00e2mara, ocorrer\u00e1 sem 10 deputados. Al\u00e9m de seis que n\u00e3o haviam sido convidados,\u00a0outros quatro foram desconvidados por email, na tarde de hoje. O <strong>Blog<\/strong> obteve acesso ao print de desconvoca\u00e7\u00e3o de um dos congressistas, o deputado Coronel Tadeu (PSL-SP).<\/h2>\n<p>&nbsp;<\/p>\n<p>Entre os seis deputados fora do convite inicial est\u00e3o o presidente nacional do PSL, Luciano Bivar (PE), a ex-l\u00edder do governo no Congresso, Joice Hasselmann (SP), Julian Lemos (PB), Professora Dayanne Pimentel (BA), Heitor Freire (CE) e Junior Bozzella (SP). Os quatro desconvidados s\u00e3o En\u00e9ias Reis (MG), Fabio Schiochet (SC), Coronel Tadeu e Abou Anni (SP).<\/p>\n<p>&nbsp;<\/p>\n<p>Os convites e as desconvoca\u00e7\u00f5es foram feitas pela deputada Bia Kicis (PSL-DF), vice-l\u00edder do governo no Congresso. Ao <strong>Blog<\/strong>, Tadeu comprova, com imagens, ter sido convidado por ela \u00e0s 15h29 de segunda-feira (11\/11), e desconvidado \u00e0s 9h28 desta ter\u00e7a-feira. No corpo do email, o gabinete da parlamentar atribui o &#8220;cancelamento do convite&#8221; a uma determina\u00e7\u00e3o do l\u00edder do PSL na C\u00e2mara, Eduardo Bolsonaro (SP).<\/p>\n<p>&nbsp;<\/p>\n<p>Procurada pelo <strong>Blog<\/strong>, Kicis confirmou ter convidado &#8220;em torno&#8221; de 40 deputados, mas n\u00e3o comentou sobre a desconvoca\u00e7\u00e3o. O n\u00famero, entretanto, exclui os 10 deputados convidados e desconvidados, uma vez que o PSL conta com 51 parlamentares em exerc\u00edcio na C\u00e2mara. Ela negou, no entanto, que a pauta seja a discuss\u00e3o do novo partido, batizado de <em>Alian\u00e7a pelo Brasil<\/em>.<\/p>\n<p>&nbsp;<\/p>\n<p><strong>Suspens\u00f5es e expuls\u00f5es<\/strong><\/p>\n<p>A expectativa de discuss\u00f5es sobre o novo partido, no entanto, \u00e9 bancada por Tadeu. &#8220;Esse vai ser o tema da reuni\u00e3o. N\u00e3o \u00e9 f\u00e1cil montar um partido novo, mas n\u00e3o \u00e9 imposs\u00edvel. De qualquer forma, acredito que o presidente Bolsonaro n\u00e3o est\u00e1 recebendo o assessoramento adequado&#8221;, criticou. O deputado minimiza o cancelamento do convite feito a ele e frisa que est\u00e1 mais preocupado com a agenda pol\u00edtica da C\u00e2mara, mas frisa que alguns deputados da legenda poder\u00e3o sofrer puni\u00e7\u00f5es. &#8220;H\u00e1 uma possibilidade de suspens\u00f5es e expuls\u00f5es. \u00c9 o que deve acontecer, com calma e eleg\u00e2ncia&#8221;, advertiu.<\/p>\n<p>&nbsp;<\/p>\n<p>Caso o partido decida pela expuls\u00e3o de deputados do PSL, Tadeu destaca que a legisla\u00e7\u00e3o eleitoral prev\u00ea a esses congressistas a perda do mandato, uma vez que, diferentemente de senadores, prefeitos, governadores e o presidente da Rep\u00fablica, o mandato \u00e9 do partido, n\u00e3o dos deputados. &#8220;Se expulsar, perde o mandato e chama o suplente. E n\u00e3o ser\u00e1 uma persegui\u00e7\u00e3o da legenda a ningu\u00e9m&#8221;, destacou.<\/p>\n<p>&nbsp;<\/p>\n","protected":false},"excerpt":{"rendered":"<p>RODOLFO COSTA A ruptura do PSL se encaminha para um processo inevit\u00e1vel. A reuni\u00e3o marcada nesta ter\u00e7a-feira (12\/11) para discutir, no Pal\u00e1cio do Planalto, a cria\u00e7\u00e3o de uma nova legenda e os rumos da ala &#8220;bolsonarista&#8221; na C\u00e2mara, ocorrer\u00e1 sem 10 deputados. Al\u00e9m de seis que n\u00e3o haviam sido convidados,\u00a0outros quatro foram desconvidados por email, [&hellip;]<\/p>\n","protected":false},"author":22,"featured_media":12196,"comment_status":"open","ping_status":"closed","sticky":false,"template":"","format":"standard","meta":{"wpb_read_more":[],"footnotes":""},"categories":[600],"tags":[4227,2554,4226,2650,4228,3368,4224,3596,4225],"class_list":["post-12195","post","type-post","status-publish","format-standard","has-post-thumbnail","hentry","category-economia","tag-bia","tag-bolsonaro","tag-coronel","tag-eduardo","tag-kicis","tag-novo","tag-partido","tag-psl","tag-tadeu"],"_links":{"self":[{"href":"https:\/\/blogs2.correiobraziliense.com.br\/vicente\/wp-json\/wp\/v2\/posts\/12195","targetHints":{"allow":["GET"]}}],"collection":[{"href":"https:\/\/blogs2.correiobraziliense.com.br\/vicente\/wp-json\/wp\/v2\/posts"}],"about":[{"href":"https:\/\/blogs2.correiobraziliense.com.br\/vicente\/wp-json\/wp\/v2\/types\/post"}],"author":[{"embeddable":true,"href":"https:\/\/blogs2.correiobraziliense.com.br\/vicente\/wp-json\/wp\/v2\/users\/22"}],"replies":[{"embeddable":true,"href":"https:\/\/blogs2.correiobraziliense.com.br\/vicente\/wp-json\/wp\/v2\/comments?post=12195"}],"version-history":[{"count":3,"href":"https:\/\/blogs2.correiobraziliense.com.br\/vicente\/wp-json\/wp\/v2\/posts\/12195\/revisions"}],"predecessor-version":[{"id":12237,"href":"https:\/\/blogs2.correiobraziliense.com.br\/vicente\/wp-json\/wp\/v2\/posts\/12195\/revisions\/12237"}],"wp:featuredmedia":[{"embeddable":true,"href":"https:\/\/blogs2.correiobraziliense.com.br\/vicente\/wp-json\/wp\/v2\/media\/12196"}],"wp:attachment":[{"href":"https:\/\/blogs2.correiobraziliense.com.br\/vicente\/wp-json\/wp\/v2\/media?parent=12195"}],"wp:term":[{"taxonomy":"category","embeddable":true,"href":"https:\/\/blogs2.correiobraziliense.com.br\/vicente\/wp-json\/wp\/v2\/categories?post=12195"},{"taxonomy":"post_tag","embeddable":true,"href":"https:\/\/blogs2.correiobraziliense.com.br\/vicente\/wp-json\/wp\/v2\/tags?post=12195"}],"curies":[{"name":"wp","href":"https:\/\/api.w.org\/{rel}","templated":true}]}}