{"id":12213,"date":"2019-11-13T16:08:53","date_gmt":"2019-11-13T19:08:53","guid":{"rendered":"https:\/\/blogs2.correiobraziliense.com.br\/vicente\/?p=12213"},"modified":"2019-11-13T20:47:50","modified_gmt":"2019-11-13T23:47:50","slug":"gato-escaldado-tem-medo-de-agua-fria-bolsonaro-priorizara-qualidade-no-alianca-pelo-brasil","status":"publish","type":"post","link":"https:\/\/blogs2.correiobraziliense.com.br\/vicente\/gato-escaldado-tem-medo-de-agua-fria-bolsonaro-priorizara-qualidade-no-alianca-pelo-brasil\/","title":{"rendered":"Gato escaldado tem medo de \u00e1gua fria: Bolsonaro priorizar\u00e1 qualidade no Alian\u00e7a pelo Brasil"},"content":{"rendered":"<h2><span style=\"font-weight: 400\">RODOLFO COSTA<\/span><\/h2>\n<h2><span style=\"font-weight: 400\">O Alian\u00e7a pelo Brasil tem potencial para se tornar uma sigla com representatividade significante em todo o pa\u00eds no Executivo e Legislativo nas esferas estadual e municipal. No entanto, embora essa capacidade n\u00e3o possa ser desprezada, o presidente Jair Bolsonaro tratou de frear a euforia dos mais empolgados. <\/span><\/h2>\n<h2><\/h2>\n<p><span style=\"font-weight: 400\">Na reuni\u00e3o de ter\u00e7a-feira (12\/11) com os deputados, pediu que os parlamentares n\u00e3o tentem emplacar prefeitos e vereadores pensando em quantidade de candidaturas, mas, sim, em qualidade e confiabilidade dos indicados.<\/span><\/p>\n<p>&nbsp;<\/p>\n<p><span style=\"font-weight: 400\">A popularidade de Bolsonaro \u00e9 uma faca de dois gumes. Ao mesmo passo que ela \u00e9 capaz de atrair nomes alinhados ao perfil do presidente, tamb\u00e9m atrai pessoas interesseiras. \u00c9 a leitura que fazem aliados. Para eles, isso ocorreu nas \u00faltimas elei\u00e7\u00f5es. \u201cO presidente foi tra\u00eddo por pessoas que se elegeram fazendo associa\u00e7\u00f5es ao seu nome ou na narrativa defendida por ele, como o (Jo\u00e3o) Doria (governador de S\u00e3o Paulo), o (Wilson) Witzel (governador do Rio de Janeiro) e a (deputada) Joice (Hasselmann). A ordem para 2020 \u00e9 emplacar pessoas de confian\u00e7a\u201d, explicou um aliado ao <\/span><b>Blog<\/b><span style=\"font-weight: 400\">.\u00a0<\/span><\/p>\n<p>&nbsp;<\/p>\n<p><span style=\"font-weight: 400\">O pedido de Bolsonaro em priorizar candidatos fi\u00e9is e de confian\u00e7a foi bem acolhido. Os deputados prometem, agora, ser ainda mais criteriosos. Afinal, a romaria de postulantes a prefeituras e \u00e0s c\u00e2maras de vereadores procurando parlamentares est\u00e1 a todo vapor. De norte a sul do pa\u00eds, congressistas est\u00e3o sendo procurados para ter sua imagem associada \u00e0 campanha. Em S\u00e3o Paulo, por exemplo, candidatos filiados ao PSL em Catanduva, S\u00e3o Jos\u00e9 do Rio Preto, Franca e Ribeir\u00e3o Preto sinalizaram at\u00e9 a vontade de se desfiliar a fim de migrar para o Alian\u00e7a em mar\u00e7o. <\/span><\/p>\n","protected":false},"excerpt":{"rendered":"<p>RODOLFO COSTA O Alian\u00e7a pelo Brasil tem potencial para se tornar uma sigla com representatividade significante em todo o pa\u00eds no Executivo e Legislativo nas esferas estadual e municipal. No entanto, embora essa capacidade n\u00e3o possa ser desprezada, o presidente Jair Bolsonaro tratou de frear a euforia dos mais empolgados. Na reuni\u00e3o de ter\u00e7a-feira (12\/11) [&hellip;]<\/p>\n","protected":false},"author":22,"featured_media":10489,"comment_status":"open","ping_status":"closed","sticky":false,"template":"","format":"standard","meta":{"wpb_read_more":[],"footnotes":""},"categories":[600],"tags":[1125,3546,2554,378,665,3194,2247,3596],"class_list":["post-12213","post","type-post","status-publish","format-standard","has-post-thumbnail","hentry","category-economia","tag-1125","tag-alianca","tag-bolsonaro","tag-brasil","tag-eleicoes","tag-municipais","tag-prefeitos","tag-psl"],"_links":{"self":[{"href":"https:\/\/blogs2.correiobraziliense.com.br\/vicente\/wp-json\/wp\/v2\/posts\/12213","targetHints":{"allow":["GET"]}}],"collection":[{"href":"https:\/\/blogs2.correiobraziliense.com.br\/vicente\/wp-json\/wp\/v2\/posts"}],"about":[{"href":"https:\/\/blogs2.correiobraziliense.com.br\/vicente\/wp-json\/wp\/v2\/types\/post"}],"author":[{"embeddable":true,"href":"https:\/\/blogs2.correiobraziliense.com.br\/vicente\/wp-json\/wp\/v2\/users\/22"}],"replies":[{"embeddable":true,"href":"https:\/\/blogs2.correiobraziliense.com.br\/vicente\/wp-json\/wp\/v2\/comments?post=12213"}],"version-history":[{"count":4,"href":"https:\/\/blogs2.correiobraziliense.com.br\/vicente\/wp-json\/wp\/v2\/posts\/12213\/revisions"}],"predecessor-version":[{"id":12231,"href":"https:\/\/blogs2.correiobraziliense.com.br\/vicente\/wp-json\/wp\/v2\/posts\/12213\/revisions\/12231"}],"wp:featuredmedia":[{"embeddable":true,"href":"https:\/\/blogs2.correiobraziliense.com.br\/vicente\/wp-json\/wp\/v2\/media\/10489"}],"wp:attachment":[{"href":"https:\/\/blogs2.correiobraziliense.com.br\/vicente\/wp-json\/wp\/v2\/media?parent=12213"}],"wp:term":[{"taxonomy":"category","embeddable":true,"href":"https:\/\/blogs2.correiobraziliense.com.br\/vicente\/wp-json\/wp\/v2\/categories?post=12213"},{"taxonomy":"post_tag","embeddable":true,"href":"https:\/\/blogs2.correiobraziliense.com.br\/vicente\/wp-json\/wp\/v2\/tags?post=12213"}],"curies":[{"name":"wp","href":"https:\/\/api.w.org\/{rel}","templated":true}]}}