{"id":12269,"date":"2019-11-20T15:38:10","date_gmt":"2019-11-20T18:38:10","guid":{"rendered":"https:\/\/blogs2.correiobraziliense.com.br\/vicente\/?p=12269"},"modified":"2019-11-20T15:44:41","modified_gmt":"2019-11-20T18:44:41","slug":"alianca-comeca-a-criar-musculatura-nos-municipios-mas-eduardo-alerta-esta-tudo-em-aberto","status":"publish","type":"post","link":"https:\/\/blogs2.correiobraziliense.com.br\/vicente\/alianca-comeca-a-criar-musculatura-nos-municipios-mas-eduardo-alerta-esta-tudo-em-aberto\/","title":{"rendered":"Alian\u00e7a come\u00e7a a criar musculatura nos munic\u00edpios, mas Eduardo alerta: &#8220;Est\u00e1 tudo em aberto&#8221;"},"content":{"rendered":"<p><span style=\"font-weight: 400\">RODOLFO COSTA<\/span><\/p>\n<p>&nbsp;<\/p>\n<p><span style=\"font-weight: 400\">O Alian\u00e7a pelo Brasil ainda n\u00e3o est\u00e1 formalmente criado, mas come\u00e7a, aos poucos, a ganhar corpo e musculatura pol\u00edtica. No Cear\u00e1, oito deputados estaduais sinalizam a inten\u00e7\u00e3o em migrar para a futura legenda. Em Goi\u00e1s, o l\u00edder do governo na C\u00e2mara, Major Vitor Hugo (PSL-GO), mant\u00e9m di\u00e1logo pr\u00f3ximo com aliados que assumir\u00e3o Presid\u00eancias de diret\u00f3rios municipais quando o partido estiver homologado pelo Tribunal Superior Eleitoral (TSE). Ainda assim, os principais l\u00edderes da sigla em gesta\u00e7\u00e3o pregam cautela, a exemplo do deputado federal Eduardo Bolsonaro (PSL-SP).\u00a0<\/span><\/p>\n<p>&nbsp;<\/p>\n<p><span style=\"font-weight: 400\">O parlamentar conversou brevemente com o <\/span><b>Blog<\/b><span style=\"font-weight: 400\"> e garante que o momento \u00e9 de sobriedade, n\u00e3o de euforia em rela\u00e7\u00e3o ao futuro da legenda. Dessa forma, ele tem buscado frear o \u00edmpeto dos mais empolgados com as elei\u00e7\u00f5es municipais, em 2020, deixando claro que todo e qualquer nome est\u00e1 sendo analisado caso a caso. \u201cMuita gente anda tentando puxar (o partido) para si, principalmente diret\u00f3rios municipais, dizendo \u2018ah, eu j\u00e1 sou do Alian\u00e7a, j\u00e1 comecei\u201d, mas n\u00e3o \u00e9 nada assim, n\u00e3o. Est\u00e1 tudo em aberto\u201d, avisou.<\/span><\/p>\n<p>&nbsp;<\/p>\n<p><span style=\"font-weight: 400\">Os detalhamentos do Alian\u00e7a ser\u00e3o divulgados nesta quinta-feira (21\/11), quando devem ser apresentados o estatuto e o programa partid\u00e1rio, segundo avisou na ter\u00e7a (19) a advogada Karina Kufa. Por esse motivo, Eduardo evitou se aprofundar nas estrat\u00e9gias e prioridades da futura legenda para 2020. \u201cPrimeiro o partido tem que existir, n\u00e9. Tem que ter a coleta de assinaturas, vai ter a conven\u00e7\u00e3o nacional na quinta. Ent\u00e3o, um passo de cada vez. Mas daqui a pouco a gente come\u00e7a com a coleta de assinaturas\u201d, explicou.\u00a0<\/span><\/p>\n<p>&nbsp;<\/p>\n<p><span style=\"font-weight: 400\">Como deputado federal mais votado da hist\u00f3ria do pa\u00eds, pelo eleitorado paulista, Eduardo garante que, pessoalmente, n\u00e3o est\u00e1 pensando na montagem partid\u00e1ria do Alian\u00e7a em S\u00e3o Paulo, com a composi\u00e7\u00e3o dos diret\u00f3rios municipais e estaduais de olho nas elei\u00e7\u00f5es de 2020 e 2022. \u201cEu tenho uma outra filosofia. Minha filosofia \u00e9 fora do partido. Quatro anos do mandato e a gente est\u00e1 em elei\u00e7\u00e3o, vamos assim dizer. E o que elege deputado n\u00e3o \u00e9 ser presidente de um diret\u00f3rio municipal ou estadual. O que elege \u00e9 a satisfa\u00e7\u00e3o do povo, confian\u00e7a, e isso pode ser trabalhado nos quatro anos, independentemente do cargo que vou ocupar dentro do partido\u201d, destacou.\u00a0<\/span><\/p>\n<p>&nbsp;<\/p>\n<p><b>Alinhamentos\u00a0<\/b><\/p>\n<p><span style=\"font-weight: 400\">O argumento de Eduardo \u00e9 respaldado por Bolsonaro, diz o deputado estadual Andr\u00e9 Fernandes (PSL-CE). O parlamentar foi recebido na manh\u00e3 desta quarta pelo presidente da Rep\u00fablica e, no encontro, a pauta de estrutura partid\u00e1ria do Alian\u00e7a no Cear\u00e1 n\u00e3o foi debatida. \u201cHoje, na conversa que tivemos, n\u00e3o tinha isso de j\u00e1 estar alinhando os escrit\u00f3rios\u201d, explicou, ao <\/span><b>Blog<\/b><span style=\"font-weight: 400\">. O comando do PSL no estado continuar\u00e1 nas m\u00e3os do deputado federal Heitor Freire, mas Fernandes acredita ser uma quest\u00e3o de tempo do partido sentir o impacto da cria\u00e7\u00e3o do Alian\u00e7a.\u00a0<\/span><\/p>\n<p>&nbsp;<\/p>\n<p><span style=\"font-weight: 400\">No encontro com Bolsonaro, ele levou ao presidente uma carta com a assinatura de oito dos nove deputados do PSL que expressa apoio \u201cindependente ao partido em que esteja\u201d. A decis\u00e3o dos parlamentares, por sinal, iniciou um processo de desfilia\u00e7\u00e3o do PSL para a migra\u00e7\u00e3o ao Alian\u00e7a. \u201cO estado (do Cear\u00e1) ainda t\u00e1 na m\u00e3o do PSL, mas vamos mudar isso a\u00ed. O pessoal, e n\u00e3o sei por que, mas j\u00e1 est\u00e1 se desfiliando, e n\u00e3o pedi para ningu\u00e9m se desfiliar\u201d, afirmou Fernandes.<\/span><\/p>\n<p>&nbsp;<\/p>\n<p><span style=\"font-weight: 400\">Embora tenha evitado entrar nas min\u00facias eleitorais do Alian\u00e7a no Cear\u00e1 e no Nordeste, Bolsonaro externou a Fernandes o desejo em estruturar a futura legenda com pessoas de confian\u00e7a. \u201cTem que ser escolhido uma lideran\u00e7a forte por estado que seja da confian\u00e7a do presidente\u201d, afirmou Fernandes. A ideia de Bolsonaro, conforme o <\/span><b>Blog<\/b><span style=\"font-weight: 400\"> antecipou, \u00e9 priorizar <strong><a href=\"https:\/\/blogs2.correiobraziliense.com.br\/vicente\/gato-escaldado-tem-medo-de-agua-fria-bolsonaro-priorizara-qualidade-no-alianca-pelo-brasil\/\">\u201cqualidade\u201d, n\u00e3o \u201cquantidade\u201d<\/a><\/strong>. Ou seja, a principal preocupa\u00e7\u00e3o do presidente \u00e9 compor o Alian\u00e7a com pessoas de sua mais alta confian\u00e7a.\u00a0<\/span><\/p>\n<p>&nbsp;<\/p>\n<p><span style=\"font-weight: 400\">A jornalistas, Fernandes disse que h\u00e1 uma \u201cgrande chance\u201d, \u201c99,9% de chances\u201d de Bolsonaro ser declarado o presidente nacional da futura legenda. O objetivo \u00e9 que ele possa centralizar as principais decis\u00f5es partid\u00e1rias, amparado por conselheiros da Executiva Nacional. Mas ele sabe que, para dar prosseguimento das diretrizes nacionais aos munic\u00edpios, como no pr\u00f3prio processo da coleta de assinaturas, precisar\u00e1 de pessoas da mais alta confian\u00e7a nos estados para executar as demandas nos munic\u00edpios. <\/span><\/p>\n","protected":false},"excerpt":{"rendered":"<p>RODOLFO COSTA &nbsp; O Alian\u00e7a pelo Brasil ainda n\u00e3o est\u00e1 formalmente criado, mas come\u00e7a, aos poucos, a ganhar corpo e musculatura pol\u00edtica. No Cear\u00e1, oito deputados estaduais sinalizam a inten\u00e7\u00e3o em migrar para a futura legenda. Em Goi\u00e1s, o l\u00edder do governo na C\u00e2mara, Major Vitor Hugo (PSL-GO), mant\u00e9m di\u00e1logo pr\u00f3ximo com aliados que assumir\u00e3o [&hellip;]<\/p>\n","protected":false},"author":22,"featured_media":10146,"comment_status":"open","ping_status":"closed","sticky":false,"template":"","format":"standard","meta":{"wpb_read_more":[],"footnotes":""},"categories":[600],"tags":[3546,2554,378,2650,4248,4224,3596],"class_list":["post-12269","post","type-post","status-publish","format-standard","has-post-thumbnail","hentry","category-economia","tag-alianca","tag-bolsonaro","tag-brasil","tag-eduardo","tag-legenda","tag-partido","tag-psl"],"_links":{"self":[{"href":"https:\/\/blogs2.correiobraziliense.com.br\/vicente\/wp-json\/wp\/v2\/posts\/12269","targetHints":{"allow":["GET"]}}],"collection":[{"href":"https:\/\/blogs2.correiobraziliense.com.br\/vicente\/wp-json\/wp\/v2\/posts"}],"about":[{"href":"https:\/\/blogs2.correiobraziliense.com.br\/vicente\/wp-json\/wp\/v2\/types\/post"}],"author":[{"embeddable":true,"href":"https:\/\/blogs2.correiobraziliense.com.br\/vicente\/wp-json\/wp\/v2\/users\/22"}],"replies":[{"embeddable":true,"href":"https:\/\/blogs2.correiobraziliense.com.br\/vicente\/wp-json\/wp\/v2\/comments?post=12269"}],"version-history":[{"count":3,"href":"https:\/\/blogs2.correiobraziliense.com.br\/vicente\/wp-json\/wp\/v2\/posts\/12269\/revisions"}],"predecessor-version":[{"id":12272,"href":"https:\/\/blogs2.correiobraziliense.com.br\/vicente\/wp-json\/wp\/v2\/posts\/12269\/revisions\/12272"}],"wp:featuredmedia":[{"embeddable":true,"href":"https:\/\/blogs2.correiobraziliense.com.br\/vicente\/wp-json\/wp\/v2\/media\/10146"}],"wp:attachment":[{"href":"https:\/\/blogs2.correiobraziliense.com.br\/vicente\/wp-json\/wp\/v2\/media?parent=12269"}],"wp:term":[{"taxonomy":"category","embeddable":true,"href":"https:\/\/blogs2.correiobraziliense.com.br\/vicente\/wp-json\/wp\/v2\/categories?post=12269"},{"taxonomy":"post_tag","embeddable":true,"href":"https:\/\/blogs2.correiobraziliense.com.br\/vicente\/wp-json\/wp\/v2\/tags?post=12269"}],"curies":[{"name":"wp","href":"https:\/\/api.w.org\/{rel}","templated":true}]}}