{"id":1228,"date":"2016-06-03T14:10:41","date_gmt":"2016-06-03T17:10:41","guid":{"rendered":"https:\/\/blogs2.correiobraziliense.com.br\/vicente\/?p=1228"},"modified":"2016-06-03T14:46:34","modified_gmt":"2016-06-03T17:46:34","slug":"incompatibilidade-com-meirelles-derrubou-godoy-da-fazenda","status":"publish","type":"post","link":"https:\/\/blogs2.correiobraziliense.com.br\/vicente\/incompatibilidade-com-meirelles-derrubou-godoy-da-fazenda\/","title":{"rendered":"Incompatibilidade com Meirelles derrubou Godoy da Fazenda"},"content":{"rendered":"<p>A decis\u00e3o do ministro da Fazenda, Henrique Meirelles, de exonerar Tarc\u00edsio Godoy da secretaria executiva da pasta foi tomada h\u00e1 pelo menos uma semana. Meirelles estava decepcionado com o &#8220;verdadeiro&#8221; Godoy que conheceu depois que passaram a conviver diariamente. O dia a dia de trabalho mostrou como os dois eram incompat\u00edveis.<\/p>\n<p>&nbsp;<\/p>\n<p>Quando chegou \u00e0 Fazenda, Meirelles precisava urgente de algu\u00e9m que pudesse lhe mostrar o terreno em que estava pisando. Sabendo disso, Godoy, que havia sido secret\u00e1rio executivo de Levy, se aproximou imediatamente do ministro e lhe ofereceu seu conhecimento. Meirelles n\u00e3o pensou duas vezes, dado que Godoy havia passado por cargos importantes na Fazenda, inclusive de secret\u00e1rio do Tesouro Nacional.<\/p>\n<p>&nbsp;<\/p>\n<p>N\u00e3o por acaso, foi o primeiro a ser nomeado. Os dias se passaram. E, aos poucos, Meirelles foi percebendo o quanto era dif\u00edcil a conviver com Godoy, sempre com posi\u00e7\u00f5es intransigentes e com enorme dificuldade para trabalhar em grupo. A medida que a decep\u00e7\u00e3o com o subalterno aumentava, Meirelles decidiu procurar informa\u00e7\u00f5es sobre ele. Ouviu de tudo. Que Godoy n\u00e3o conseguia ouvir uma frase sem interromper o interlocutor. Que ele se mostrava saber de tudo, dos mais prosaicos aos mais complicados assuntos.<\/p>\n<p>&nbsp;<\/p>\n<p>H\u00e1 dois dias, j\u00e1 sabendo que n\u00e3o tinha poder sobre o tema e ciente que estava com os dois p\u00e9s fora da Fazenda, Godoy convocou os 27 secret\u00e1rios estaduais de Fazenda a Bras\u00edlia. A pauta era o refinanciamento das d\u00edvidas estaduais. J\u00e1 na abertura dos trabalhos deixou claro que o tema seria tratado diretamente por Meirelles com os governadores. Ou seja, os nobres secret\u00e1rios viajaram \u00e0 toa, o que causou enorme mal-estar. Foi nesse dia que o ministro decidiu acelerar a substitui\u00e7\u00e3o de Godoy por Eduardo Guardia.<\/p>\n<p>&nbsp;<\/p>\n<p>Pessoas do governo tentaram arrumar uma desculpa vi\u00e1vel para a sa\u00edda de Godoy a fim de n\u00e3o comprometer\u00a0 Meirelles. Disseram que ele havia se rebelado contra o aumento de sal\u00e1rios dos servidores p\u00fablicos, como noticiou mais cedo o <strong>Blog<\/strong>. Mas n\u00e3o foi isso. A raz\u00e3o foi a incompatibilidade com o ministro da Fazenda. As mesmas pessoas disseram que Godoy poderia ocupar uma vice-presid\u00eancia no Banco do Brasil, mas, na institui\u00e7\u00e3o, a rejei\u00e7\u00e3o a ele \u00e9 enorme.<\/p>\n<p>&nbsp;<\/p>\n<p>N\u00e3o ser\u00e1 f\u00e1cil para Meirelles corrigir o erro e n\u00e3o deixar Godoy \u00e0 deriva.<\/p>\n<p>&nbsp;<\/p>\n<p><em>Bras\u00edlia, 14h10min<\/em><\/p>\n","protected":false},"excerpt":{"rendered":"<p>A decis\u00e3o do ministro da Fazenda, Henrique Meirelles, de exonerar Tarc\u00edsio Godoy da secretaria executiva da pasta foi tomada h\u00e1 pelo menos uma semana. Meirelles estava decepcionado com o &#8220;verdadeiro&#8221; Godoy que conheceu depois que passaram a conviver diariamente. O dia a dia de trabalho mostrou como os dois eram incompat\u00edveis. &nbsp; Quando chegou \u00e0 [&hellip;]<\/p>\n","protected":false},"author":22,"featured_media":0,"comment_status":"open","ping_status":"closed","sticky":false,"template":"","format":"standard","meta":{"wpb_read_more":[],"footnotes":""},"categories":[1],"tags":[22,144,21,143,19,142],"class_list":["post-1228","post","type-post","status-publish","format-standard","hentry","category-sem-categoria","tag-demissao","tag-eduardo-guardia","tag-henrique-meirelles","tag-incompatibilidade","tag-ministerio-da-fazenda","tag-tarcisio-godoy"],"_links":{"self":[{"href":"https:\/\/blogs2.correiobraziliense.com.br\/vicente\/wp-json\/wp\/v2\/posts\/1228","targetHints":{"allow":["GET"]}}],"collection":[{"href":"https:\/\/blogs2.correiobraziliense.com.br\/vicente\/wp-json\/wp\/v2\/posts"}],"about":[{"href":"https:\/\/blogs2.correiobraziliense.com.br\/vicente\/wp-json\/wp\/v2\/types\/post"}],"author":[{"embeddable":true,"href":"https:\/\/blogs2.correiobraziliense.com.br\/vicente\/wp-json\/wp\/v2\/users\/22"}],"replies":[{"embeddable":true,"href":"https:\/\/blogs2.correiobraziliense.com.br\/vicente\/wp-json\/wp\/v2\/comments?post=1228"}],"version-history":[{"count":1,"href":"https:\/\/blogs2.correiobraziliense.com.br\/vicente\/wp-json\/wp\/v2\/posts\/1228\/revisions"}],"predecessor-version":[{"id":1229,"href":"https:\/\/blogs2.correiobraziliense.com.br\/vicente\/wp-json\/wp\/v2\/posts\/1228\/revisions\/1229"}],"wp:attachment":[{"href":"https:\/\/blogs2.correiobraziliense.com.br\/vicente\/wp-json\/wp\/v2\/media?parent=1228"}],"wp:term":[{"taxonomy":"category","embeddable":true,"href":"https:\/\/blogs2.correiobraziliense.com.br\/vicente\/wp-json\/wp\/v2\/categories?post=1228"},{"taxonomy":"post_tag","embeddable":true,"href":"https:\/\/blogs2.correiobraziliense.com.br\/vicente\/wp-json\/wp\/v2\/tags?post=1228"}],"curies":[{"name":"wp","href":"https:\/\/api.w.org\/{rel}","templated":true}]}}