{"id":12280,"date":"2019-11-21T16:33:46","date_gmt":"2019-11-21T19:33:46","guid":{"rendered":"https:\/\/blogs2.correiobraziliense.com.br\/vicente\/?p=12280"},"modified":"2019-11-21T19:22:52","modified_gmt":"2019-11-21T22:22:52","slug":"o-festival-de-desrespeito-do-alianca-pelo-brasil","status":"publish","type":"post","link":"https:\/\/blogs2.correiobraziliense.com.br\/vicente\/o-festival-de-desrespeito-do-alianca-pelo-brasil\/","title":{"rendered":"O festival de desrespeito do Alian\u00e7a pelo Brasil"},"content":{"rendered":"<h2>RODOLFO COSTA<\/h2>\n<p>&nbsp;<\/p>\n<h2>O Alian\u00e7a pelo Brasil se apresentou, nesta quinta-feira (21\/11), como um partido pol\u00edtico que dar\u00e1 &#8220;voz&#8221; ao povo brasileiro e a garantia a ele de &#8220;efetiva representatividade&#8221; em &#8220;conson\u00e2ncia aos anseios populares&#8221;. Foi assim que a advogada e Tesoureira da legenda, Karina Kufa, apresentou a legenda em sua declara\u00e7\u00e3o inicial. O &#8220;segundo princ\u00edpio basilar&#8221;, destacado tamb\u00e9m por ela, ser\u00e1 o &#8220;respeito \u00e0 mem\u00f3ria, \u00e0 identidade e \u00e0 cultura do povo brasileiro&#8221;. Contudo, a nova sigla e seus apoiadores e potenciais futuros filiados deram mostras do contr\u00e1rio do que pregam em um festival de desrespeito \u00e0 imprensa.<\/h2>\n<p>&nbsp;<\/p>\n<p>\u00c0 exce\u00e7\u00e3o de 17 jornalistas escolhidos pelo partido para prestigiar a solenidade da funda\u00e7\u00e3o, no audit\u00f3rio do Hotel Royal Tulip Alvorada, em Bras\u00edlia, os demais rep\u00f3rteres de texto e imagem foram relegados a um &#8220;cercado&#8221; no jardim do complexo hoteleiro, na \u00e1rea externa, sem acesso a uma estrutura b\u00e1sica de trabalho para o exerc\u00edcio da profiss\u00e3o. Dessa forma, parte dos profissionais de \u00f3rg\u00e3os de imprensa nacional, um pilar da democracia brasileira, respons\u00e1vel por contribuir com a &#8220;efetiva representatividade&#8221; da comunica\u00e7\u00e3o social, precisou trabalhar sentada no gramado, debaixo de um sol escaldante.<\/p>\n<p>&nbsp;<\/p>\n<p>O crescente inc\u00f4modo dispersou os profissionais, que se sentiram obrigados a procurar um lugar \u00e0 sombra para trabalhar com a pouca dignidade que a &#8220;m\u00e3e natureza&#8221; podia oferecer. O ponto cr\u00edtico, no entanto, foi o total desrespeito por parte de apoiadores com profissionais de imprensa, sobretudo da Rede Globo. Demonstrando valores contr\u00e1rios ao &#8220;respeito \u00e0 mem\u00f3ria, identidade e cultura do povo brasileiro&#8221;, conhecido por ser um povo acolhedor e caloroso, populares chegaram ao ponto de hostilizar a jornalista Delis Ortiz, da TV Globo. &#8220;Olha a Delis ali&#8221;, disseram alguns, em um tom agressivo que sucedeu a gritos desrespeitosos.<\/p>\n<p>&nbsp;<\/p>\n<p>Procurados, seguran\u00e7as da organiza\u00e7\u00e3o do evento alegaram que n\u00e3o poderiam garantir a seguran\u00e7a de Delis ou de outros jornalistas. A comunicadora, de 56 anos, mulher, m\u00e3e e av\u00f3, acabou se retirando do evento ap\u00f3s as hostiliza\u00e7\u00f5es prosseguirem. A Secretaria de Imprensa da Presid\u00eancia (SIP) garantiu aos jornalistas ter solicitado \u00e0 organiza\u00e7\u00e3o do evento toldo, cadeiras e tomadas para garantir uma estrutura no local de trabalho destinado \u00e0 imprensa. Contudo, n\u00e3o conseguiu encontrar e contatar os respons\u00e1veis da assessoria de imprensa do Alian\u00e7a pelo Brasil para que eles pudessem prestar esclarecimentos ou amparar os profissionais.<\/p>\n<p>&nbsp;<\/p>\n<p>Um grande dia para o Alian\u00e7a. Um pequeno dia para a liberdade de imprensa.<\/p>\n","protected":false},"excerpt":{"rendered":"<p>RODOLFO COSTA &nbsp; O Alian\u00e7a pelo Brasil se apresentou, nesta quinta-feira (21\/11), como um partido pol\u00edtico que dar\u00e1 &#8220;voz&#8221; ao povo brasileiro e a garantia a ele de &#8220;efetiva representatividade&#8221; em &#8220;conson\u00e2ncia aos anseios populares&#8221;. Foi assim que a advogada e Tesoureira da legenda, Karina Kufa, apresentou a legenda em sua declara\u00e7\u00e3o inicial. O &#8220;segundo [&hellip;]<\/p>\n","protected":false},"author":22,"featured_media":12281,"comment_status":"open","ping_status":"closed","sticky":false,"template":"","format":"standard","meta":{"wpb_read_more":[],"footnotes":""},"categories":[600],"tags":[3546,378,4249,2632,3512],"class_list":["post-12280","post","type-post","status-publish","format-standard","has-post-thumbnail","hentry","category-economia","tag-alianca","tag-brasil","tag-democracia","tag-imprensa","tag-liberdade"],"_links":{"self":[{"href":"https:\/\/blogs2.correiobraziliense.com.br\/vicente\/wp-json\/wp\/v2\/posts\/12280","targetHints":{"allow":["GET"]}}],"collection":[{"href":"https:\/\/blogs2.correiobraziliense.com.br\/vicente\/wp-json\/wp\/v2\/posts"}],"about":[{"href":"https:\/\/blogs2.correiobraziliense.com.br\/vicente\/wp-json\/wp\/v2\/types\/post"}],"author":[{"embeddable":true,"href":"https:\/\/blogs2.correiobraziliense.com.br\/vicente\/wp-json\/wp\/v2\/users\/22"}],"replies":[{"embeddable":true,"href":"https:\/\/blogs2.correiobraziliense.com.br\/vicente\/wp-json\/wp\/v2\/comments?post=12280"}],"version-history":[{"count":6,"href":"https:\/\/blogs2.correiobraziliense.com.br\/vicente\/wp-json\/wp\/v2\/posts\/12280\/revisions"}],"predecessor-version":[{"id":12287,"href":"https:\/\/blogs2.correiobraziliense.com.br\/vicente\/wp-json\/wp\/v2\/posts\/12280\/revisions\/12287"}],"wp:featuredmedia":[{"embeddable":true,"href":"https:\/\/blogs2.correiobraziliense.com.br\/vicente\/wp-json\/wp\/v2\/media\/12281"}],"wp:attachment":[{"href":"https:\/\/blogs2.correiobraziliense.com.br\/vicente\/wp-json\/wp\/v2\/media?parent=12280"}],"wp:term":[{"taxonomy":"category","embeddable":true,"href":"https:\/\/blogs2.correiobraziliense.com.br\/vicente\/wp-json\/wp\/v2\/categories?post=12280"},{"taxonomy":"post_tag","embeddable":true,"href":"https:\/\/blogs2.correiobraziliense.com.br\/vicente\/wp-json\/wp\/v2\/tags?post=12280"}],"curies":[{"name":"wp","href":"https:\/\/api.w.org\/{rel}","templated":true}]}}