{"id":123,"date":"2015-07-02T00:01:00","date_gmt":"2015-07-02T03:01:00","guid":{"rendered":"https:\/\/blogs2.correiobraziliense.com.br\/vicente\/fruto_do_desastre\/"},"modified":"2015-07-02T00:01:00","modified_gmt":"2015-07-02T03:01:00","slug":"fruto_do_desastre","status":"publish","type":"post","link":"https:\/\/blogs2.correiobraziliense.com.br\/vicente\/fruto_do_desastre\/","title":{"rendered":"FRUTO DO DESASTRE"},"content":{"rendered":"\n<p>A capacidade do PT de terceirizar responsabilidades n\u00e3o tem limites. Sem argumentos s\u00f3lidos para justificar a reprova\u00e7\u00e3o recorde da presidente Dilma Rousseff, que chegou a 68%, o presidente do partido, Rui Falc\u00e3o, atribuiu o resultado \u00e0 \u201cm\u00e1 vontade\u201d da popula\u00e7\u00e3o. Na vis\u00e3o dele, ainda que a economia n\u00e3o esteja vivendo um bom momento, n\u00e3o h\u00e1 por que apenas 9% dos eleitores considerarem o governo da petista bom ou \u00f3timo. <\/p>\n<p>N\u00e3o se trata de m\u00e1 vontade. A avalia\u00e7\u00e3o de Dilma \u00e9 resultado do desastre que ela, meticulosamente, provocou nos quatro primeiros anos de mandato. J\u00e1 se sabia, quando a presidente tomou posse, que o custo para faz\u00ea-la sucessora de Lula foi muito alto. Contudo, em vez de corrigir os excessos, para, aos poucos, criar uma base que permitisse ao pa\u00eds crescer de forma sustentada, sem solavancos, Dilma tratou de aumentar a fatura. <\/p>\n<p>A petista foi leniente com a infla\u00e7\u00e3o. Deixou que o \u00cdndice de Pre\u00e7os ao Consumidor Amplo (IPCA) rodasse, sistematicamente, no teto da meta, de 6,5%, definido pelo Conselho Monet\u00e1rio Nacional (CMN). Para que esse limite de toler\u00e2ncia n\u00e3o fosse superado, usou todos os artif\u00edcios poss\u00edveis. Impediu que a Petrobras reajustasse os pre\u00e7os dos combust\u00edveis e obrigou as empresas de energia a reduzirem as tarifas de eletricidade sem que houvesse condi\u00e7\u00f5es t\u00e9cnicas para isso. <\/p>\n<p>Mesmo com a infla\u00e7\u00e3o dando sinais de descontrole, ordenou ao Banco Central que reduzisse a taxa b\u00e1sica de juros (Selic) para o menor n\u00edvel da hist\u00f3ria, 7,25% ao ano. A presidente permitiu, ainda, que o Tesouro Nacional abusasse da contabilidade das contas p\u00fablicas, recorrendo a pedaladas fiscais que feriram a legisla\u00e7\u00e3o e podem lhe custar o mandato. Mesmo com os cofres do governo combalidos, deu subs\u00eddios a setores que em nada contribu\u00edram para o crescimento do pa\u00eds. Em meio a todos esses desacertos, a corrup\u00e7\u00e3o na Petrobras corria solta. <\/p>\n<p>O resultado desse descalabro administrativo est\u00e1 a\u00ed. O pa\u00eds mergulhou na mais grave recess\u00e3o em pelo menos um quarto de s\u00e9culo, a infla\u00e7\u00e3o est\u00e1 ro\u00e7ando os 10% e o desemprego caminha rapidamente para os dois d\u00edgitos. Boa parte das fam\u00edlias que, antes do governo Dilma, conseguiram ascender socialmente, corre o risco de mergulhar novamente na pobreza. Em vez de o pa\u00eds reduzir as desigualdades que separa ricos e pobres, voltou a aument\u00e1-la. Os ganhos sociais come\u00e7am a se tornar miragem para muitos lares. <\/p>\n<p>N\u00e3o \u00e0 toa, a rejei\u00e7\u00e3o ao governo aumentou em todas as classes sociais. Entre os eleitores, a percep\u00e7\u00e3o \u00e9 de que o colapso do pa\u00eds \u00e9 iminente. O pior, mostra a pesquisa CNI-Ibope, \u00e9 que 78% n\u00e3o confiam na presidente para resolver os problemas pelos quais o Brasil est\u00e1 passando. Alegam que foram enganados pela mandat\u00e1ria que, durante a campanha \u00e0 reelei\u00e7\u00e3o, prometeu manter todas as conquistas dos anos anteriores, sobretudo em rela\u00e7\u00e3o ao emprego. <\/p>\n<p>Overdose <\/p>\n<p>Dilma mentiu tanto que ningu\u00e9m acredita na presidente que emergiu das urnas em outubro passado e, da noite para o dia, passou a defender aumento de juros para combater a infla\u00e7\u00e3o e ajuste fiscal como forma de resgatar a confian\u00e7a no pa\u00eds. A falta de convic\u00e7\u00e3o no discurso dela \u00e9 tamanha que o presidente do PT tratou ontem de antecipar que o governo vai flexibilidade o ajuste fiscal do ministro da Fazenda, Joaquim Levy, para \u201cestimular os investimentos\u201d. Em vez de ajudar, Rui Falc\u00e3o s\u00f3 criou mais ru\u00eddos. <\/p>\n<p>Na avalia\u00e7\u00e3o do economista J\u00falio S\u00e9rgio Gomes de Almeida, ex-secret\u00e1rio de Pol\u00edtica Econ\u00f4mica da Fazenda, a percep\u00e7\u00e3o que a popula\u00e7\u00e3o tem hoje do governo \u00e9 de que n\u00e3o h\u00e1 projetos para o pa\u00eds. Est\u00e1 claro que a presidente da Rep\u00fablica est\u00e1 fragilizada politicamente e o Pal\u00e1cio do Planalto s\u00f3 consegue apagar inc\u00eandios. \u201cO desapontamento aumenta porque as medidas corretivas que foram anunciadas, de aumento de juros e de ajuste fiscal, est\u00e3o sendo vistas como uma overdose, mesmo sendo necess\u00e1rias\u201d, afirma. <\/p>\n<p>Para Almeida, o momento \u00e9 terr\u00edvel para o pa\u00eds. E se o governo n\u00e3o reagir, n\u00e3o se reinventar, n\u00e3o estabelecer uma agenda que realmente recoloque a economia no caminho do crescimento, o colapso ser\u00e1 l\u00edquido e certo e a reconstru\u00e7\u00e3o do que perderemos, extremamente dolorosa. Ele diz que a ind\u00fastria \u00e9 o retrato mais cruel desse processo destrutivo. E o mesmo acontecer\u00e1 com o emprego. <\/p>\n<p>O Brasil conseguiu, nos \u00faltimos anos, quando prevaleciam medidas sensatas na economia, reduzir drasticamente o desemprego. Com o aumento da renda, as fam\u00edlias puderam satisfazer necessidades reprimidas por d\u00e9cadas. Agora, est\u00e3o tendo que tirar produtos do carrinho do supermercado, cancelar matr\u00edculas dos filhos em escolas particulares, suspender planos de sa\u00fade, atrasar as presta\u00e7\u00f5es do carro e da casa pr\u00f3pria. <\/p>\n<p>Com tanta not\u00edcia ruim, n\u00e3o h\u00e1 como a popula\u00e7\u00e3o dar um voto de confian\u00e7a a Dilma. Tudo de ruim que o pa\u00eds vive hoje decorre de decis\u00f5es erradas da presidente. Portanto, nem ela nem os petistas que a cercam podem se queixar do elevado n\u00edvel de reprova\u00e7\u00e3o. Um dia, a casa iria cair. <\/p>\n<p>Bras\u00edlia, 00h01min   <\/p>\n","protected":false},"excerpt":{"rendered":"<p>A capacidade do PT de terceirizar responsabilidades n\u00e3o tem limites. Sem argumentos s\u00f3lidos para justificar a reprova\u00e7\u00e3o recorde da presidente Dilma Rousseff, que chegou a 68%, o presidente do partido, Rui Falc\u00e3o, atribuiu o resultado \u00e0 \u201cm\u00e1 vontade\u201d da popula\u00e7\u00e3o. Na vis\u00e3o dele, ainda que a economia n\u00e3o esteja vivendo um bom momento, n\u00e3o h\u00e1 [&hellip;]<\/p>\n","protected":false},"author":22,"featured_media":0,"comment_status":"open","ping_status":"open","sticky":false,"template":"","format":"standard","meta":{"wpb_read_more":[],"footnotes":""},"categories":[1],"tags":[],"class_list":["post-123","post","type-post","status-publish","format-standard","hentry","category-sem-categoria"],"_links":{"self":[{"href":"https:\/\/blogs2.correiobraziliense.com.br\/vicente\/wp-json\/wp\/v2\/posts\/123","targetHints":{"allow":["GET"]}}],"collection":[{"href":"https:\/\/blogs2.correiobraziliense.com.br\/vicente\/wp-json\/wp\/v2\/posts"}],"about":[{"href":"https:\/\/blogs2.correiobraziliense.com.br\/vicente\/wp-json\/wp\/v2\/types\/post"}],"author":[{"embeddable":true,"href":"https:\/\/blogs2.correiobraziliense.com.br\/vicente\/wp-json\/wp\/v2\/users\/22"}],"replies":[{"embeddable":true,"href":"https:\/\/blogs2.correiobraziliense.com.br\/vicente\/wp-json\/wp\/v2\/comments?post=123"}],"version-history":[{"count":0,"href":"https:\/\/blogs2.correiobraziliense.com.br\/vicente\/wp-json\/wp\/v2\/posts\/123\/revisions"}],"wp:attachment":[{"href":"https:\/\/blogs2.correiobraziliense.com.br\/vicente\/wp-json\/wp\/v2\/media?parent=123"}],"wp:term":[{"taxonomy":"category","embeddable":true,"href":"https:\/\/blogs2.correiobraziliense.com.br\/vicente\/wp-json\/wp\/v2\/categories?post=123"},{"taxonomy":"post_tag","embeddable":true,"href":"https:\/\/blogs2.correiobraziliense.com.br\/vicente\/wp-json\/wp\/v2\/tags?post=123"}],"curies":[{"name":"wp","href":"https:\/\/api.w.org\/{rel}","templated":true}]}}