{"id":1230,"date":"2016-06-03T16:00:02","date_gmt":"2016-06-03T19:00:02","guid":{"rendered":"https:\/\/blogs2.correiobraziliense.com.br\/vicente\/?p=1230"},"modified":"2016-06-03T15:48:14","modified_gmt":"2016-06-03T18:48:14","slug":"1230-2","status":"publish","type":"post","link":"https:\/\/blogs2.correiobraziliense.com.br\/vicente\/1230-2\/","title":{"rendered":"Minorit\u00e1rios ter\u00e3o participa\u00e7\u00e3o acion\u00e1ria na Oi reduzida em 90%"},"content":{"rendered":"<p>A convers\u00e3o da d\u00edvida proposta pela atual administra\u00e7\u00e3o da operadora de telefonia Oi, controlada pelos portugueses, far\u00e1 com que os acionistas minorit\u00e1rios percam mais de 90% do valor de sua participa\u00e7\u00e3o na empresa. Ser\u00e1 como trocar um apartamento confort\u00e1vel nos Jardins, bairro nobre de S\u00e3o Paulo, por um modesto im\u00f3vel no sub\u00farbio. Perde-se na localiza\u00e7\u00e3o e no tamanho da moradia.<\/p>\n<p>&nbsp;<\/p>\n<p>Mesmo com a desvaloriza\u00e7\u00e3o da a\u00e7\u00e3o &#8212; o papel chegou a R$ 176 e hoje est\u00e1 abaixo de R$ 1 &#8211;, a dilui\u00e7\u00e3o ser\u00e1 um grande neg\u00f3cio para os detentores de b\u00f4nus da companhia, os bondholders, tal como aconteceu com a OGX, a antiga petroleira de Eike Batista. A d\u00edvida da Oi j\u00e1 atinge R$ 52 bilh\u00f5es. Na primeira etapa da reestrutura\u00e7\u00e3o, a operadora analisa converter mais de R$ 10 bilh\u00f5es desses d\u00e9bitos em capital, o que diluir\u00e1 a participa\u00e7\u00e3o dos atuais acionistas.<\/p>\n<p>&nbsp;<\/p>\n<p>As negocia\u00e7\u00f5es ocorrem em Nova York. Entre os bondholders, destacam-se o Citi, o HSBC, a Merrill Lynch, a Pierce e a Fenner&amp;Smith. Em maio de 2015, a Oi recebeu dessas empresas US$ 700 milh\u00f5es referentes a uma linha de cr\u00e9dito assinada em outubro de 2011.<\/p>\n<p>&nbsp;<\/p>\n<p>J\u00e1 os credores que t\u00eam pap\u00e9is garantidos por ap\u00f3lices de seguros torcem pelo calote da operadora. Eles s\u00e3o detentores de Credit Default Swap (CDS) e t\u00eam a cobertura das seguradoras. Do total das d\u00edvidas da Oi, R$ 38 bilh\u00f5es est\u00e3o lastreados em CDS, isto \u00e9, possivelmente ser\u00e3o coberto por seguro (veja tabelas abaixo).<\/p>\n<p>&nbsp;<\/p>\n<p><a href=\"https:\/\/blogs2.correiobraziliense.com.br\/vicente\/wp-content\/uploads\/sites\/16\/2016\/06\/Oi1.png\" rel=\"attachment wp-att-1231\"><img loading=\"lazy\" decoding=\"async\" class=\"alignnone size-medium wp-image-1231\" src=\"https:\/\/blogs2.correiobraziliense.com.br\/vicente\/wp-content\/uploads\/sites\/16\/2016\/06\/Oi1-300x183.png\" alt=\"Oi1\" width=\"300\" height=\"183\" srcset=\"https:\/\/blogs2.correiobraziliense.com.br\/vicente\/wp-content\/uploads\/sites\/16\/2016\/06\/Oi1-300x183.png 300w, https:\/\/blogs2.correiobraziliense.com.br\/vicente\/wp-content\/uploads\/sites\/16\/2016\/06\/Oi1-350x213.png 350w, https:\/\/blogs2.correiobraziliense.com.br\/vicente\/wp-content\/uploads\/sites\/16\/2016\/06\/Oi1-550x335.png 550w, https:\/\/blogs2.correiobraziliense.com.br\/vicente\/wp-content\/uploads\/sites\/16\/2016\/06\/Oi1-230x140.png 230w, https:\/\/blogs2.correiobraziliense.com.br\/vicente\/wp-content\/uploads\/sites\/16\/2016\/06\/Oi1.png 590w\" sizes=\"auto, (max-width: 300px) 100vw, 300px\" \/><\/a><\/p>\n<p><a href=\"https:\/\/blogs2.correiobraziliense.com.br\/vicente\/wp-content\/uploads\/sites\/16\/2016\/06\/Oi2.png\" rel=\"attachment wp-att-1232\"><img loading=\"lazy\" decoding=\"async\" class=\"alignnone size-medium wp-image-1232\" src=\"https:\/\/blogs2.correiobraziliense.com.br\/vicente\/wp-content\/uploads\/sites\/16\/2016\/06\/Oi2-300x193.png\" alt=\"Oi2\" width=\"300\" height=\"193\" srcset=\"https:\/\/blogs2.correiobraziliense.com.br\/vicente\/wp-content\/uploads\/sites\/16\/2016\/06\/Oi2-300x193.png 300w, https:\/\/blogs2.correiobraziliense.com.br\/vicente\/wp-content\/uploads\/sites\/16\/2016\/06\/Oi2-350x226.png 350w, https:\/\/blogs2.correiobraziliense.com.br\/vicente\/wp-content\/uploads\/sites\/16\/2016\/06\/Oi2-550x354.png 550w, https:\/\/blogs2.correiobraziliense.com.br\/vicente\/wp-content\/uploads\/sites\/16\/2016\/06\/Oi2-230x148.png 230w, https:\/\/blogs2.correiobraziliense.com.br\/vicente\/wp-content\/uploads\/sites\/16\/2016\/06\/Oi2.png 585w\" sizes=\"auto, (max-width: 300px) 100vw, 300px\" \/><\/a><\/p>\n<p>&nbsp;<\/p>\n<p>A aus\u00eancia da Portugal Telecom na atual composi\u00e7\u00e3o acion\u00e1ria da Oi n\u00e3o passa de um mero truque de ilusionismo. A PT d\u00e1 as cartas na companhia, agora por meio da Pharol SGPS. Apesar das tentativas de distanciar sua imagem da operadora brasileira, a PT \u00e9 a respons\u00e1vel pela gest\u00e3o da Oi, pela indica\u00e7\u00e3o da diretoria executiva e pela composi\u00e7\u00e3o do Conselho de Administra\u00e7\u00e3o, do qual fazem parte o espanhol Rafael Mora e o portugu\u00eas Nuno Vasconcellos, s\u00f3cios do grupo Ongoing, que teve uma experi\u00eancia desastrosa no mercado de m\u00eddia brasileiro.<\/p>\n<p>&nbsp;<\/p>\n<p><em>Bras\u00edlia, 16h00min<\/em><\/p>\n","protected":false},"excerpt":{"rendered":"<p>A convers\u00e3o da d\u00edvida proposta pela atual administra\u00e7\u00e3o da operadora de telefonia Oi, controlada pelos portugueses, far\u00e1 com que os acionistas minorit\u00e1rios percam mais de 90% do valor de sua participa\u00e7\u00e3o na empresa. Ser\u00e1 como trocar um apartamento confort\u00e1vel nos Jardins, bairro nobre de S\u00e3o Paulo, por um modesto im\u00f3vel no sub\u00farbio. Perde-se na localiza\u00e7\u00e3o [&hellip;]<\/p>\n","protected":false},"author":22,"featured_media":0,"comment_status":"open","ping_status":"closed","sticky":false,"template":"","format":"standard","meta":{"wpb_read_more":[],"footnotes":""},"categories":[1],"tags":[147,148,145,149,146],"class_list":["post-1230","post","type-post","status-publish","format-standard","hentry","category-sem-categoria","tag-acionistas","tag-minoritarios","tag-oi","tag-portugal-telecom","tag-telefonia"],"_links":{"self":[{"href":"https:\/\/blogs2.correiobraziliense.com.br\/vicente\/wp-json\/wp\/v2\/posts\/1230","targetHints":{"allow":["GET"]}}],"collection":[{"href":"https:\/\/blogs2.correiobraziliense.com.br\/vicente\/wp-json\/wp\/v2\/posts"}],"about":[{"href":"https:\/\/blogs2.correiobraziliense.com.br\/vicente\/wp-json\/wp\/v2\/types\/post"}],"author":[{"embeddable":true,"href":"https:\/\/blogs2.correiobraziliense.com.br\/vicente\/wp-json\/wp\/v2\/users\/22"}],"replies":[{"embeddable":true,"href":"https:\/\/blogs2.correiobraziliense.com.br\/vicente\/wp-json\/wp\/v2\/comments?post=1230"}],"version-history":[{"count":3,"href":"https:\/\/blogs2.correiobraziliense.com.br\/vicente\/wp-json\/wp\/v2\/posts\/1230\/revisions"}],"predecessor-version":[{"id":1235,"href":"https:\/\/blogs2.correiobraziliense.com.br\/vicente\/wp-json\/wp\/v2\/posts\/1230\/revisions\/1235"}],"wp:attachment":[{"href":"https:\/\/blogs2.correiobraziliense.com.br\/vicente\/wp-json\/wp\/v2\/media?parent=1230"}],"wp:term":[{"taxonomy":"category","embeddable":true,"href":"https:\/\/blogs2.correiobraziliense.com.br\/vicente\/wp-json\/wp\/v2\/categories?post=1230"},{"taxonomy":"post_tag","embeddable":true,"href":"https:\/\/blogs2.correiobraziliense.com.br\/vicente\/wp-json\/wp\/v2\/tags?post=1230"}],"curies":[{"name":"wp","href":"https:\/\/api.w.org\/{rel}","templated":true}]}}