{"id":12360,"date":"2019-12-03T12:31:31","date_gmt":"2019-12-03T15:31:31","guid":{"rendered":"https:\/\/blogs2.correiobraziliense.com.br\/vicente\/?p=12360"},"modified":"2019-12-03T13:02:10","modified_gmt":"2019-12-03T16:02:10","slug":"euforico-bolsonaro-acredita-que-economia-vai-lhe-garantir-a-reeleicao","status":"publish","type":"post","link":"https:\/\/blogs2.correiobraziliense.com.br\/vicente\/euforico-bolsonaro-acredita-que-economia-vai-lhe-garantir-a-reeleicao\/","title":{"rendered":"Euf\u00f3rico, Bolsonaro acredita que economia vai lhe garantir a reelei\u00e7\u00e3o"},"content":{"rendered":"<h2>O presidente Jair Bolsonaro ficou extremamente euf\u00f3rico quando foi comunicado sobre o resultado do Produto Interno Bruto (PIB), que registrou crescimento de 0,6% no terceiro trimestre, ante estimativa de 0,4% do mercado financeiro. Para ele, a recupera\u00e7\u00e3o da economia lhe garantir\u00e1 a reelei\u00e7\u00e3o.<\/h2>\n<p>&nbsp;<\/p>\n<p>Bolsonaro vinha mostrando um certo desconforto em rela\u00e7\u00e3o \u00e0 demora da rea\u00e7\u00e3o da economia, inclusive com fortes cobran\u00e7as sobre a equipe do ministro Paulo Guedes. Ele chegou a dar um prazo para que a atividade deslanchasse, o que obrigou Guedes a promover mudan\u00e7as entre seus auxiliares.<\/p>\n<p>&nbsp;<\/p>\n<p>A maior preocupa\u00e7\u00e3o de Bolsonaro com o fraco desempenho da economia, sustentando um elevado \u00edndice de desemprego, era que as ruas do Brasil come\u00e7assem a replicar as manifesta\u00e7\u00f5es vistas no Chile. Esse temor, por sinal, fez com que o presidente adiasse o envio da reforma administrativa ao Congresso. Ele n\u00e3o queria uma rebeli\u00e3o dos servidores.<\/p>\n<p>&nbsp;<\/p>\n<p><strong>Popularidade<\/strong><\/p>\n<p>&nbsp;<\/p>\n<p>Agora, com o PIB do terceiro trimestre mostrando for\u00e7a, o presidente j\u00e1 fala em melhora da sua popularidade nas pr\u00f3ximas pesquisas e acredita que um dos argumentos usados pelo ex-presidente Lula para atac\u00e1-lo, a economia fraca, ser\u00e1 esvaziado. &#8220;Veio em boa hora&#8221;, disse Bolsonaro aos rep\u00f3rteres que lhe indagaram sobre o PIB. Ele sabe do que fala.<\/p>\n<p>&nbsp;<\/p>\n<p>A determina\u00e7\u00e3o do presidente \u00e9 ampliar suas falas com temas econ\u00f4micos, sempre ressaltando o sucesso de medidas tomadas pelo governo, como a libera\u00e7\u00e3o dos saques do Fundo de Garantia do Tempo de Servi\u00e7o (FGTS) e do 13\u00ba para o Bolsa Fam\u00edlia. O consumo das fam\u00edlias, refor\u00e7ado por esses recursos, puxar\u00e1 a atividade nos pr\u00f3ximos meses.<\/p>\n<p>&nbsp;<\/p>\n<p>Menos pressionada, a equipe econ\u00f4mica espera que Bolsonaro tamb\u00e9m encampe as reformas que est\u00e3o no Congresso, voltadas para a reestrutura\u00e7\u00e3o do Estado. Com resultados melhores da economia, acreditam auxiliares de Paulo Guedes, o presidente ficar\u00e1 mais &#8220;pr\u00f3-reformas&#8221;.<\/p>\n<p>&nbsp;<\/p>\n<p>Bolsonaro sabe que uma economia mais forte reduz parte das cr\u00edticas que vem recebendo e pode lhe garantir ainda mais apoio dos grupos conservadores, uma vez que ele n\u00e3o abrir\u00e1 m\u00e3o de seu discurso ideol\u00f3gico, que lhe garante pelo menos 20% dos votos em todos as pesquisas eleitoras. Com a economia melhor, Bolsonaro acredita que a elei\u00e7\u00e3o de 2022 &#8220;est\u00e1 no papo&#8221;.<\/p>\n<p>&nbsp;<\/p>\n<p><em>Bras\u00edlia, 12h31min<\/em><\/p>\n","protected":false},"excerpt":{"rendered":"<p>O presidente Jair Bolsonaro ficou extremamente euf\u00f3rico quando foi comunicado sobre o resultado do Produto Interno Bruto (PIB), que registrou crescimento de 0,6% no terceiro trimestre, ante estimativa de 0,4% do mercado financeiro. Para ele, a recupera\u00e7\u00e3o da economia lhe garantir\u00e1 a reelei\u00e7\u00e3o. &nbsp; Bolsonaro vinha mostrando um certo desconforto em rela\u00e7\u00e3o \u00e0 demora da [&hellip;]<\/p>\n","protected":false},"author":22,"featured_media":10489,"comment_status":"open","ping_status":"closed","sticky":false,"template":"","format":"standard","meta":{"wpb_read_more":[],"footnotes":""},"categories":[600],"tags":[2554,589,507,3613,58,4274],"class_list":["post-12360","post","type-post","status-publish","format-standard","has-post-thumbnail","hentry","category-economia","tag-bolsonaro","tag-economia","tag-fgts","tag-paulo-guedes","tag-pib","tag-reeleicao"],"_links":{"self":[{"href":"https:\/\/blogs2.correiobraziliense.com.br\/vicente\/wp-json\/wp\/v2\/posts\/12360","targetHints":{"allow":["GET"]}}],"collection":[{"href":"https:\/\/blogs2.correiobraziliense.com.br\/vicente\/wp-json\/wp\/v2\/posts"}],"about":[{"href":"https:\/\/blogs2.correiobraziliense.com.br\/vicente\/wp-json\/wp\/v2\/types\/post"}],"author":[{"embeddable":true,"href":"https:\/\/blogs2.correiobraziliense.com.br\/vicente\/wp-json\/wp\/v2\/users\/22"}],"replies":[{"embeddable":true,"href":"https:\/\/blogs2.correiobraziliense.com.br\/vicente\/wp-json\/wp\/v2\/comments?post=12360"}],"version-history":[{"count":2,"href":"https:\/\/blogs2.correiobraziliense.com.br\/vicente\/wp-json\/wp\/v2\/posts\/12360\/revisions"}],"predecessor-version":[{"id":12362,"href":"https:\/\/blogs2.correiobraziliense.com.br\/vicente\/wp-json\/wp\/v2\/posts\/12360\/revisions\/12362"}],"wp:featuredmedia":[{"embeddable":true,"href":"https:\/\/blogs2.correiobraziliense.com.br\/vicente\/wp-json\/wp\/v2\/media\/10489"}],"wp:attachment":[{"href":"https:\/\/blogs2.correiobraziliense.com.br\/vicente\/wp-json\/wp\/v2\/media?parent=12360"}],"wp:term":[{"taxonomy":"category","embeddable":true,"href":"https:\/\/blogs2.correiobraziliense.com.br\/vicente\/wp-json\/wp\/v2\/categories?post=12360"},{"taxonomy":"post_tag","embeddable":true,"href":"https:\/\/blogs2.correiobraziliense.com.br\/vicente\/wp-json\/wp\/v2\/tags?post=12360"}],"curies":[{"name":"wp","href":"https:\/\/api.w.org\/{rel}","templated":true}]}}