{"id":1237,"date":"2016-06-03T16:35:23","date_gmt":"2016-06-03T19:35:23","guid":{"rendered":"https:\/\/blogs2.correiobraziliense.com.br\/vicente\/?p=1237"},"modified":"2016-06-03T18:15:44","modified_gmt":"2016-06-03T21:15:44","slug":"como-recompensa-godoy-fica-com-presidencia-do-irb","status":"publish","type":"post","link":"https:\/\/blogs2.correiobraziliense.com.br\/vicente\/como-recompensa-godoy-fica-com-presidencia-do-irb\/","title":{"rendered":"Como recompensa, Godoy fica com a presid\u00eancia do IRB"},"content":{"rendered":"<p>POR ROSANA HESSEL<\/p>\n<p>&nbsp;<\/p>\n<p>Tarc\u00edsio Godoy, exonerado da secretaria executiva do Minist\u00e9rio da Fazenda, ficar\u00e1 bem longe do antigo chefe, Henrique Meirelles. O ministro o compensou com a presid\u00eancia do Instituto Brasileiro de Resseguros (IRB), com sede no Rio de Janeiro.<\/p>\n<p>&nbsp;<\/p>\n<p>Godoy ficou menos de um m\u00eas como bra\u00e7o direito do ministro da Fazenda. N\u00e3o houve sintonia entre os dois. A incompatibilidade ficou vis\u00edvel logo na primeira semana de conviv\u00eancia direta. Em nota, a pasta informou que Meirelles escolheu para o cargo de vice-ministro o economista Eduardo Guardia. Godoy foi secret\u00e1rio executivo do ex-ministro Joaquim Levy, em 2015, e se aproximou de Meirelles para reconquistar o posto.<\/p>\n<p>&nbsp;<\/p>\n<p>No governo, fontes dizem que a troca de Godoy por Guardia ser\u00e1 um enorme \u201cupgrade\u201d. Graduado pela Pontif\u00edcia Universidade Cat\u00f3lica de S\u00e3o Paulo (PUC-SP), Guardia \u00e9 doutor na \u00e1rea pela Faculdade de Economia e Administra\u00e7\u00e3o da Universidade de S\u00e3o Paulo (FEA-USP). Em maio de 2013, assumiu a diretoria executiva de Produtos da BM&amp;FBovespa, mas comp\u00f5e o board da institui\u00e7\u00e3o desde 2010. Tamb\u00e9m foi secret\u00e1rio de Fazenda do estado de S\u00e3o Paulo e secret\u00e1rio do Tesouro Nacional durante o governo de Fernando Henrique Cardoso.<\/p>\n<p>&nbsp;<\/p>\n<p><em>Bras\u00edlia, 16h35min<\/em><\/p>\n","protected":false},"excerpt":{"rendered":"<p>POR ROSANA HESSEL &nbsp; Tarc\u00edsio Godoy, exonerado da secretaria executiva do Minist\u00e9rio da Fazenda, ficar\u00e1 bem longe do antigo chefe, Henrique Meirelles. O ministro o compensou com a presid\u00eancia do Instituto Brasileiro de Resseguros (IRB), com sede no Rio de Janeiro. &nbsp; Godoy ficou menos de um m\u00eas como bra\u00e7o direito do ministro da Fazenda. [&hellip;]<\/p>\n","protected":false},"author":22,"featured_media":0,"comment_status":"open","ping_status":"closed","sticky":false,"template":"","format":"standard","meta":{"wpb_read_more":[],"footnotes":""},"categories":[1],"tags":[],"class_list":["post-1237","post","type-post","status-publish","format-standard","hentry","category-sem-categoria"],"_links":{"self":[{"href":"https:\/\/blogs2.correiobraziliense.com.br\/vicente\/wp-json\/wp\/v2\/posts\/1237","targetHints":{"allow":["GET"]}}],"collection":[{"href":"https:\/\/blogs2.correiobraziliense.com.br\/vicente\/wp-json\/wp\/v2\/posts"}],"about":[{"href":"https:\/\/blogs2.correiobraziliense.com.br\/vicente\/wp-json\/wp\/v2\/types\/post"}],"author":[{"embeddable":true,"href":"https:\/\/blogs2.correiobraziliense.com.br\/vicente\/wp-json\/wp\/v2\/users\/22"}],"replies":[{"embeddable":true,"href":"https:\/\/blogs2.correiobraziliense.com.br\/vicente\/wp-json\/wp\/v2\/comments?post=1237"}],"version-history":[{"count":1,"href":"https:\/\/blogs2.correiobraziliense.com.br\/vicente\/wp-json\/wp\/v2\/posts\/1237\/revisions"}],"predecessor-version":[{"id":1238,"href":"https:\/\/blogs2.correiobraziliense.com.br\/vicente\/wp-json\/wp\/v2\/posts\/1237\/revisions\/1238"}],"wp:attachment":[{"href":"https:\/\/blogs2.correiobraziliense.com.br\/vicente\/wp-json\/wp\/v2\/media?parent=1237"}],"wp:term":[{"taxonomy":"category","embeddable":true,"href":"https:\/\/blogs2.correiobraziliense.com.br\/vicente\/wp-json\/wp\/v2\/categories?post=1237"},{"taxonomy":"post_tag","embeddable":true,"href":"https:\/\/blogs2.correiobraziliense.com.br\/vicente\/wp-json\/wp\/v2\/tags?post=1237"}],"curies":[{"name":"wp","href":"https:\/\/api.w.org\/{rel}","templated":true}]}}