{"id":12389,"date":"2019-12-04T20:30:57","date_gmt":"2019-12-04T23:30:57","guid":{"rendered":"https:\/\/blogs2.correiobraziliense.com.br\/vicente\/?p=12389"},"modified":"2019-12-04T21:41:31","modified_gmt":"2019-12-05T00:41:31","slug":"luciano-huck-diz-que-general-villas-boas-e-exemplo-de-vida","status":"publish","type":"post","link":"https:\/\/blogs2.correiobraziliense.com.br\/vicente\/luciano-huck-diz-que-general-villas-boas-e-exemplo-de-vida\/","title":{"rendered":"Luciano Huck diz que general Villas B\u00f4as \u00e9 exemplo de vida"},"content":{"rendered":"<p>https:\/\/youtube.com\/watch?v=oBuenE5vz38<\/p>\n<h2><\/h2>\n<h2>INGRID SOARES<\/h2>\n<h2><\/h2>\n<h2>Poss\u00edvel candidato \u00e0 Presid\u00eancia da Rep\u00fablica em 2022, com todos os seus passos acompanhados de perto por seguidores de Jair Bolsonaro, o apresentador Luciano Huck foi a grande estrela do lan\u00e7amento do instituto criado pelo general Villas B\u00f4as \u2014 a institui\u00e7\u00e3o leva o nome do militar \u2014 na noite desta quarta-feira (04\/12).<\/h2>\n<h2><\/h2>\n<p>A presen\u00e7a de Huck e a aus\u00eancia de Bolsonaro no evento chamaram a aten\u00e7\u00e3o dos presentes. Muitos especularam a possibilidade de parte da caserna j\u00e1 estar construindo uma alternativa eleitoral, menos radical, para as elei\u00e7\u00f5es presidenciais de 2022. Huck, no entanto, ressaltou que estava ali por ser amigo e grande admirador de Villas-B\u00f4as. E destacou que o general \u00e9 &#8220;um exemplo de vida&#8221; para ele.<\/p>\n<p>&nbsp;<\/p>\n<p>Durante sua fala, Huck exibiu uma s\u00e9rie de v\u00eddeos sobre reportagens que ele fez sobre o trabalho do Ex\u00e9rcito em v\u00e1rias partes do Brasil. Muitas das viagens foram a convite do general, que comandou o Ex\u00e9rcito entre 2105 e 2019. O apresentador tamb\u00e9m mostrou entrevistas que fez com familiares do militar. Emocionou boa parte dos presentes.<\/p>\n<p>&nbsp;<\/p>\n<p>Antes do evento, alguns convidados levantaram a possibilidade de Huck ser hostilizado pela plateia, majoritariamente defensora de Bolsonaro. Mas, para al\u00edvio dos organizadores, a recep\u00e7\u00e3o foi extremamente calorosa. E o carinho demonstrado por Huck em rela\u00e7\u00e3o ao general quebrou todas as resist\u00eancias. N\u00e3o por acaso, ao final do evento, os presentes fizeram filas para tirar selfies com o apresentador.<\/p>\n<p>&nbsp;<\/p>\n<p><strong>Sobre o instituto<\/strong><\/p>\n<p>&nbsp;<\/p>\n<p>O Instituto General Villas B\u00f4as (IGVB) \u00e9 uma iniciativa pessoal e filantr\u00f3pica do militar para preservar a mem\u00f3ria de seu trabalho no Ex\u00e9rcito, promover debates sobre o desenvolvimento do Brasil e apoiar pessoas com doen\u00e7as raras e cr\u00f4nicas e com defici\u00eancias a terem informa\u00e7\u00e3o e acesso \u00e0s chamadas tecnologias assistivas, que ajudam a mant\u00ea-las ativas.<\/p>\n<p>&nbsp;<\/p>\n<p>A primeira \u00e1rea de trabalho do Instituto General Villas B\u00f4as ser\u00e1 a preserva\u00e7\u00e3o de suas ideias e de seu trabalho de d\u00e9cadas como oficial do Ex\u00e9rcito brasileiro. O objetivo do IGVB \u00e9 organizar o acervo pessoal e profissional do general e torn\u00e1-lo dispon\u00edvel, em diversos meios, para especialistas, para pesquisadores e para as novas gera\u00e7\u00f5es.<\/p>\n<p>&nbsp;<\/p>\n<p>A segunda \u00e1rea de trabalho ser\u00e1 a promo\u00e7\u00e3o de debates e estudos sobre temas estrat\u00e9gicos para o pa\u00eds, como Amaz\u00f4nia, Defesa, Seguran\u00e7a. O\u00a0IGVB tamb\u00e9m ter\u00e1 tem como objetivo motivar pessoas com doen\u00e7as raras, cr\u00f4nicas ou defici\u00eancias e suas fam\u00edlias a se manterem produtivas, al\u00e9m de combater o alto n\u00edvel de desinforma\u00e7\u00e3o a respeito do assunto. Em 2016, o General foi diagnosticado com ELA (Esclerose Lateral Amiotr\u00f3fica).<\/p>\n<p>&nbsp;<\/p>\n<p>Nesta quinta-feira (05\/12), o instituto promover\u00e1 um grande debate com autoridades e especialistas, como o ingl\u00eas Mick Donegan, autoridade em Tecnologias Assistivas. O tema da palestra dele ser\u00e1: Escute meus olhos! Movimento dos olhos para comunica\u00e7\u00e3o, lazer, e criatividade.<\/p>\n<p>&nbsp;<\/p>\n<p><em>Bras\u00edlia, 20h30min<\/em><\/p>\n","protected":false},"excerpt":{"rendered":"<p>INGRID SOARES Poss\u00edvel candidato \u00e0 Presid\u00eancia da Rep\u00fablica em 2022, com todos os seus passos acompanhados de perto por seguidores de Jair Bolsonaro, o apresentador Luciano Huck foi a grande estrela do lan\u00e7amento do instituto criado pelo general Villas B\u00f4as \u2014 a institui\u00e7\u00e3o leva o nome do militar \u2014 na noite desta quarta-feira (04\/12). A [&hellip;]<\/p>\n","protected":false},"author":22,"featured_media":0,"comment_status":"open","ping_status":"closed","sticky":false,"template":"","format":"standard","meta":{"wpb_read_more":[],"footnotes":""},"categories":[600],"tags":[2554,4282,3575,1060,4280,3715,4281],"class_list":["post-12389","post","type-post","status-publish","format-standard","hentry","category-economia","tag-bolsonaro","tag-exemplo","tag-general","tag-homenagem","tag-huck","tag-vida","tag-villas-boas"],"_links":{"self":[{"href":"https:\/\/blogs2.correiobraziliense.com.br\/vicente\/wp-json\/wp\/v2\/posts\/12389","targetHints":{"allow":["GET"]}}],"collection":[{"href":"https:\/\/blogs2.correiobraziliense.com.br\/vicente\/wp-json\/wp\/v2\/posts"}],"about":[{"href":"https:\/\/blogs2.correiobraziliense.com.br\/vicente\/wp-json\/wp\/v2\/types\/post"}],"author":[{"embeddable":true,"href":"https:\/\/blogs2.correiobraziliense.com.br\/vicente\/wp-json\/wp\/v2\/users\/22"}],"replies":[{"embeddable":true,"href":"https:\/\/blogs2.correiobraziliense.com.br\/vicente\/wp-json\/wp\/v2\/comments?post=12389"}],"version-history":[{"count":1,"href":"https:\/\/blogs2.correiobraziliense.com.br\/vicente\/wp-json\/wp\/v2\/posts\/12389\/revisions"}],"predecessor-version":[{"id":12390,"href":"https:\/\/blogs2.correiobraziliense.com.br\/vicente\/wp-json\/wp\/v2\/posts\/12389\/revisions\/12390"}],"wp:attachment":[{"href":"https:\/\/blogs2.correiobraziliense.com.br\/vicente\/wp-json\/wp\/v2\/media?parent=12389"}],"wp:term":[{"taxonomy":"category","embeddable":true,"href":"https:\/\/blogs2.correiobraziliense.com.br\/vicente\/wp-json\/wp\/v2\/categories?post=12389"},{"taxonomy":"post_tag","embeddable":true,"href":"https:\/\/blogs2.correiobraziliense.com.br\/vicente\/wp-json\/wp\/v2\/tags?post=12389"}],"curies":[{"name":"wp","href":"https:\/\/api.w.org\/{rel}","templated":true}]}}