{"id":1239,"date":"2016-06-04T11:06:44","date_gmt":"2016-06-04T14:06:44","guid":{"rendered":"https:\/\/blogs2.correiobraziliense.com.br\/vicente\/?p=1239"},"modified":"2016-06-04T11:06:44","modified_gmt":"2016-06-04T14:06:44","slug":"ja-vai-tarde","status":"publish","type":"post","link":"https:\/\/blogs2.correiobraziliense.com.br\/vicente\/ja-vai-tarde\/","title":{"rendered":"J\u00e1 vai tarde"},"content":{"rendered":"<p>\u00bb Funcion\u00e1rios do Minist\u00e9rio da Fazenda s\u00f3 faltaram soltar foguetes com a decis\u00e3o de Henrique Meirelles de transferir Tarc\u00edsio Godoy da secretaria executiva da pasta para o Instituto Brasileiro de Resseguros (IRB).<\/p>\n<p>&nbsp;<\/p>\n<p><b>Princ\u00edpio de rebeli\u00e3o<\/b><\/p>\n<p>&nbsp;<\/p>\n<p>\u00bb No meio da tarde de ontem, empregados do Banco Brasil entraram em polvorosa ante \u00e0 perspectiva de Tarc\u00edsio Godoy ser nomeado para uma das vice-presid\u00eancias da Institui\u00e7\u00e3o. Houve amea\u00e7a de rebeli\u00e3o.<\/p>\n","protected":false},"excerpt":{"rendered":"<p>\u00bb Funcion\u00e1rios do Minist\u00e9rio da Fazenda s\u00f3 faltaram soltar foguetes com a decis\u00e3o de Henrique Meirelles de transferir Tarc\u00edsio Godoy da secretaria executiva da pasta para o Instituto Brasileiro de Resseguros (IRB). &nbsp; Princ\u00edpio de rebeli\u00e3o &nbsp; \u00bb No meio da tarde de ontem, empregados do Banco Brasil entraram em polvorosa ante \u00e0 perspectiva de [&hellip;]<\/p>\n","protected":false},"author":22,"featured_media":0,"comment_status":"open","ping_status":"closed","sticky":false,"template":"","format":"standard","meta":{"wpb_read_more":[],"footnotes":""},"categories":[1],"tags":[],"class_list":["post-1239","post","type-post","status-publish","format-standard","hentry","category-sem-categoria"],"_links":{"self":[{"href":"https:\/\/blogs2.correiobraziliense.com.br\/vicente\/wp-json\/wp\/v2\/posts\/1239","targetHints":{"allow":["GET"]}}],"collection":[{"href":"https:\/\/blogs2.correiobraziliense.com.br\/vicente\/wp-json\/wp\/v2\/posts"}],"about":[{"href":"https:\/\/blogs2.correiobraziliense.com.br\/vicente\/wp-json\/wp\/v2\/types\/post"}],"author":[{"embeddable":true,"href":"https:\/\/blogs2.correiobraziliense.com.br\/vicente\/wp-json\/wp\/v2\/users\/22"}],"replies":[{"embeddable":true,"href":"https:\/\/blogs2.correiobraziliense.com.br\/vicente\/wp-json\/wp\/v2\/comments?post=1239"}],"version-history":[{"count":1,"href":"https:\/\/blogs2.correiobraziliense.com.br\/vicente\/wp-json\/wp\/v2\/posts\/1239\/revisions"}],"predecessor-version":[{"id":1240,"href":"https:\/\/blogs2.correiobraziliense.com.br\/vicente\/wp-json\/wp\/v2\/posts\/1239\/revisions\/1240"}],"wp:attachment":[{"href":"https:\/\/blogs2.correiobraziliense.com.br\/vicente\/wp-json\/wp\/v2\/media?parent=1239"}],"wp:term":[{"taxonomy":"category","embeddable":true,"href":"https:\/\/blogs2.correiobraziliense.com.br\/vicente\/wp-json\/wp\/v2\/categories?post=1239"},{"taxonomy":"post_tag","embeddable":true,"href":"https:\/\/blogs2.correiobraziliense.com.br\/vicente\/wp-json\/wp\/v2\/tags?post=1239"}],"curies":[{"name":"wp","href":"https:\/\/api.w.org\/{rel}","templated":true}]}}