{"id":12391,"date":"2019-12-05T00:11:11","date_gmt":"2019-12-05T03:11:11","guid":{"rendered":"https:\/\/blogs2.correiobraziliense.com.br\/vicente\/?p=12391"},"modified":"2019-12-05T00:12:22","modified_gmt":"2019-12-05T03:12:22","slug":"maia-articula-com-casa-civil-cronograma-para-pagamento-de-verbas-prometidas-pelo-governo","status":"publish","type":"post","link":"https:\/\/blogs2.correiobraziliense.com.br\/vicente\/maia-articula-com-casa-civil-cronograma-para-pagamento-de-verbas-prometidas-pelo-governo\/","title":{"rendered":"Maia articula com Casa Civil cronograma para pagamento de verbas prometidas pelo governo"},"content":{"rendered":"<p><span style=\"font-weight: 400\">RODOLFO COSTA<\/span><\/p>\n<p>&nbsp;<\/p>\n<p><span style=\"font-weight: 400\">A aprova\u00e7\u00e3o rel\u00e2mpago do pacote anticrime do ministro da Justi\u00e7a e Seguran\u00e7a P\u00fablica, S\u00e9rgio Moro, tem mais do que um dedo do presidente da C\u00e2mara, Rodrigo Maia (DEM-RJ). Tem as duas m\u00e3os do demista, que articula pessoalmente com o ministro-chefe da Casa Civil, Onyx Lorenzoni, o cronograma de libera\u00e7\u00e3o de recursos para quitar as emendas parlamentares aos deputados.<\/span><\/p>\n<p>&nbsp;<\/p>\n<p><span style=\"font-weight: 400\">Os recursos vir\u00e3o da Lei 13.888\/2019, fruto do Projeto de Lei do Congresso Nacional (PLN) 18\/2019. O texto possibilitou a abertura de cr\u00e9dito suplementar na ordem de R$ 3 bilh\u00f5es. Os recursos est\u00e3o sendo remanejados dentro do Or\u00e7amento da Uni\u00e3o para, sobretudo, destinar verbas a pol\u00edticas p\u00fablicas nas \u00e1reas da sa\u00fade e do desenvolvimento urbano.\u00a0<\/span><\/p>\n<p>&nbsp;<\/p>\n<p><span style=\"font-weight: 400\">A libera\u00e7\u00e3o das emendas constitui um dos instrumentos da articula\u00e7\u00e3o pol\u00edtica conduzida pelo ministro-chefe da Secretaria de Governo, Luiz Eduardo Ramos. L\u00edderes partid\u00e1rios dizem ao <\/span><b>Blog<\/b><span style=\"font-weight: 400\">, contudo, que essa miss\u00e3o est\u00e1 a cargo de Onyx, que, por sua vez, divide com Maia a decis\u00e3o de agendar os pagamentos \u00e0s bases eleitorais dos deputados. <\/span><\/p>\n","protected":false},"excerpt":{"rendered":"<p>RODOLFO COSTA &nbsp; A aprova\u00e7\u00e3o rel\u00e2mpago do pacote anticrime do ministro da Justi\u00e7a e Seguran\u00e7a P\u00fablica, S\u00e9rgio Moro, tem mais do que um dedo do presidente da C\u00e2mara, Rodrigo Maia (DEM-RJ). Tem as duas m\u00e3os do demista, que articula pessoalmente com o ministro-chefe da Casa Civil, Onyx Lorenzoni, o cronograma de libera\u00e7\u00e3o de recursos para [&hellip;]<\/p>\n","protected":false},"author":22,"featured_media":11940,"comment_status":"open","ping_status":"closed","sticky":false,"template":"","format":"standard","meta":{"wpb_read_more":[],"footnotes":""},"categories":[600],"tags":[1223,467,2491,3917,2522,4059],"class_list":["post-12391","post","type-post","status-publish","format-standard","has-post-thumbnail","hentry","category-economia","tag-emendas","tag-governo","tag-maia","tag-onyx","tag-parlamentares","tag-pln"],"_links":{"self":[{"href":"https:\/\/blogs2.correiobraziliense.com.br\/vicente\/wp-json\/wp\/v2\/posts\/12391","targetHints":{"allow":["GET"]}}],"collection":[{"href":"https:\/\/blogs2.correiobraziliense.com.br\/vicente\/wp-json\/wp\/v2\/posts"}],"about":[{"href":"https:\/\/blogs2.correiobraziliense.com.br\/vicente\/wp-json\/wp\/v2\/types\/post"}],"author":[{"embeddable":true,"href":"https:\/\/blogs2.correiobraziliense.com.br\/vicente\/wp-json\/wp\/v2\/users\/22"}],"replies":[{"embeddable":true,"href":"https:\/\/blogs2.correiobraziliense.com.br\/vicente\/wp-json\/wp\/v2\/comments?post=12391"}],"version-history":[{"count":2,"href":"https:\/\/blogs2.correiobraziliense.com.br\/vicente\/wp-json\/wp\/v2\/posts\/12391\/revisions"}],"predecessor-version":[{"id":12393,"href":"https:\/\/blogs2.correiobraziliense.com.br\/vicente\/wp-json\/wp\/v2\/posts\/12391\/revisions\/12393"}],"wp:featuredmedia":[{"embeddable":true,"href":"https:\/\/blogs2.correiobraziliense.com.br\/vicente\/wp-json\/wp\/v2\/media\/11940"}],"wp:attachment":[{"href":"https:\/\/blogs2.correiobraziliense.com.br\/vicente\/wp-json\/wp\/v2\/media?parent=12391"}],"wp:term":[{"taxonomy":"category","embeddable":true,"href":"https:\/\/blogs2.correiobraziliense.com.br\/vicente\/wp-json\/wp\/v2\/categories?post=12391"},{"taxonomy":"post_tag","embeddable":true,"href":"https:\/\/blogs2.correiobraziliense.com.br\/vicente\/wp-json\/wp\/v2\/tags?post=12391"}],"curies":[{"name":"wp","href":"https:\/\/api.w.org\/{rel}","templated":true}]}}