{"id":124,"date":"2015-07-02T10:10:00","date_gmt":"2015-07-02T13:10:00","guid":{"rendered":"https:\/\/blogs2.correiobraziliense.com.br\/vicente\/descontentamento_com_saintive\/"},"modified":"2015-07-02T10:10:00","modified_gmt":"2015-07-02T13:10:00","slug":"descontentamento_com_saintive","status":"publish","type":"post","link":"https:\/\/blogs2.correiobraziliense.com.br\/vicente\/descontentamento_com_saintive\/","title":{"rendered":"DESCONTENTAMENTO COM SAINTIVE"},"content":{"rendered":"\n<p>\u00bb H\u00e1 um descontentamento enorme na Comiss\u00e3o Mista de Or\u00e7amento (CMO) com o secret\u00e1rio do Tesouro Nacional, Marcelo Saintive. Ele alegou compromissos inadi\u00e1veis para, mais uma vez, adiar a presta\u00e7\u00e3o de contas que faria hoje ao Congresso referente ao terceiro quadrimestre de 2014 e ao primeiro quadrimestre de 2015. <\/p>\n<p>\u00bb Segundo integrantes da Comiss\u00e3o, se for mantida a postura de descaso com o Congresso, o convite a Saintive ser\u00e1 transformado em convoca\u00e7\u00e3o, o que tornar\u00e1 a ida do secret\u00e1rio obrigat\u00f3ria. Os parlamentares t\u00eam se perguntado o que tanto o subordinado de Joaquim Levy tem a esconder. A princ\u00edpio, Saintive prometeu ir \u00e0 CMO no pr\u00f3ximo dia 9. <\/p>\n<p>Bras\u00edlia, 10h10min   <\/p>\n","protected":false},"excerpt":{"rendered":"<p>\u00bb H\u00e1 um descontentamento enorme na Comiss\u00e3o Mista de Or\u00e7amento (CMO) com o secret\u00e1rio do Tesouro Nacional, Marcelo Saintive. Ele alegou compromissos inadi\u00e1veis para, mais uma vez, adiar a presta\u00e7\u00e3o de contas que faria hoje ao Congresso referente ao terceiro quadrimestre de 2014 e ao primeiro quadrimestre de 2015. \u00bb Segundo integrantes da Comiss\u00e3o, se [&hellip;]<\/p>\n","protected":false},"author":22,"featured_media":0,"comment_status":"open","ping_status":"open","sticky":false,"template":"","format":"standard","meta":{"wpb_read_more":[],"footnotes":""},"categories":[1],"tags":[],"class_list":["post-124","post","type-post","status-publish","format-standard","hentry","category-sem-categoria"],"_links":{"self":[{"href":"https:\/\/blogs2.correiobraziliense.com.br\/vicente\/wp-json\/wp\/v2\/posts\/124","targetHints":{"allow":["GET"]}}],"collection":[{"href":"https:\/\/blogs2.correiobraziliense.com.br\/vicente\/wp-json\/wp\/v2\/posts"}],"about":[{"href":"https:\/\/blogs2.correiobraziliense.com.br\/vicente\/wp-json\/wp\/v2\/types\/post"}],"author":[{"embeddable":true,"href":"https:\/\/blogs2.correiobraziliense.com.br\/vicente\/wp-json\/wp\/v2\/users\/22"}],"replies":[{"embeddable":true,"href":"https:\/\/blogs2.correiobraziliense.com.br\/vicente\/wp-json\/wp\/v2\/comments?post=124"}],"version-history":[{"count":0,"href":"https:\/\/blogs2.correiobraziliense.com.br\/vicente\/wp-json\/wp\/v2\/posts\/124\/revisions"}],"wp:attachment":[{"href":"https:\/\/blogs2.correiobraziliense.com.br\/vicente\/wp-json\/wp\/v2\/media?parent=124"}],"wp:term":[{"taxonomy":"category","embeddable":true,"href":"https:\/\/blogs2.correiobraziliense.com.br\/vicente\/wp-json\/wp\/v2\/categories?post=124"},{"taxonomy":"post_tag","embeddable":true,"href":"https:\/\/blogs2.correiobraziliense.com.br\/vicente\/wp-json\/wp\/v2\/tags?post=124"}],"curies":[{"name":"wp","href":"https:\/\/api.w.org\/{rel}","templated":true}]}}