{"id":12407,"date":"2019-12-05T15:21:52","date_gmt":"2019-12-05T18:21:52","guid":{"rendered":"https:\/\/blogs2.correiobraziliense.com.br\/vicente\/?p=12407"},"modified":"2019-12-05T16:24:48","modified_gmt":"2019-12-05T19:24:48","slug":"enquanto-governo-desdenha-do-meio-ambiente-brasilienses-vao-plantar-1-milhao-de-arvores","status":"publish","type":"post","link":"https:\/\/blogs2.correiobraziliense.com.br\/vicente\/enquanto-governo-desdenha-do-meio-ambiente-brasilienses-vao-plantar-1-milhao-de-arvores\/","title":{"rendered":"Enquanto governo desdenha do meio ambiente, brasilienses v\u00e3o plantar 1 milh\u00e3o de \u00e1rvores"},"content":{"rendered":"<h2>Apesar do discurso completamente atrasado do governo federal em rela\u00e7\u00e3o ao meio ambiente \u2014 h\u00e1 integrantes do Executivo que garantem que n\u00e3o existe o efeito estufa \u2014, os brasilienses prometem sair \u00e0s ruas neste domingo, 8 de dezembro, para plantar at\u00e9 1 milh\u00e3o de \u00e1rvores.<\/h2>\n<p>&nbsp;<\/p>\n<p>O mutir\u00e3o est\u00e1 sendo puxado por organizadores e volunt\u00e1rios do Movimento Tempo de Plantar \u2014 Gincana Verde. A meta \u00e9 plantar as \u00e1rvores em todo o Distrito Federal. Se, na Asa Sul, \u00e1rea nobre de Bras\u00edlia, o verde prevalece, em regi\u00f5es como Taguatinga, Ceil\u00e2ndia e Samambaia, a devasta\u00e7\u00e3o \u00e9 assustadora.<\/p>\n<p>&nbsp;<\/p>\n<p>Os organizadores admitem que a meta de plantio de 1 milh\u00e3o de \u00e1rvores em um \u00fanico dia \u00e9 ambiciosa, mas a consci\u00eancia ecol\u00f3gica est\u00e1 se fortalecendo, sobretudo entre as gera\u00e7\u00f5es mais novas. Portanto, a previs\u00e3o \u00e9 de que o movimento surpreenda. Est\u00e1 claro que, se nada for feito com urg\u00eancia, as futuras gera\u00e7\u00f5es pagar\u00e3o um pre\u00e7o alt\u00edssimo.<\/p>\n<p>&nbsp;<\/p>\n<p>&#8220;A nossa expectativa \u00e9 de que, no dia 8 de dezembro, as pessoas possam viver uma experi\u00eancia de reconex\u00e3o com a natureza. Da\u00ed o convite para as pessoas sa\u00edrem de casa com uma muda de \u00e1rvore na m\u00e3o\u201d, diz\u00a0Paulo C\u00e9sar Ara\u00fajo, ambientalista e idealizador do movimento.<\/p>\n<p>&nbsp;<\/p>\n<p>Al\u00e9m do plantio, h\u00e1 tamb\u00e9m um trabalho de conscientiza\u00e7\u00e3o \u201cTrabalhamos um conceito de ecologia profunda, que convida a popula\u00e7\u00e3o a sentir a natureza. O convite \u00e9 tamb\u00e9m tomar<br \/>\nbanho de natureza, de \u00e1rvore, de cerrado, no sentido de que a natureza cura. Ent\u00e3o, tem esse outro lado espiritual, de tratar a natureza como um ser vivo, e n\u00e3o como um produto ou<br \/>\num recurso que precisa ser consumido. As \u00e1rvores tamb\u00e9m t\u00eam vida\u201d, explica Ara\u00fajo.<\/p>\n<p>&nbsp;<\/p>\n<p><strong>Alerta vermelho<\/strong><\/p>\n<p>&nbsp;<\/p>\n<p>Ele lembra que a Organiza\u00e7\u00e3o das Na\u00e7\u00f5es Unidas (ONU)\u00a0declarou que estamos na d\u00e9cada do reflorestamento e coloca o plantio de \u00e1rvores uma das sa\u00eddas mais adequadas para combater as mudan\u00e7as clim\u00e1ticas. \u201cTodas as experi\u00eancias que temos ao longo da vida \u00e9 de consumir o planeta, a gente n\u00e3o faz nada para regenerar&#8221;, ressalta.<\/p>\n<p>&nbsp;<\/p>\n<p>Ele destaca que o\u00a0Movimento Tempo de Plantar \u2014 Gincana Verde tem como proposta\u00a0de trazer, al\u00e9m da sustentabilidade, o discurso da regenera\u00e7\u00e3o, de\u00a0recuperar o que j\u00e1 foi degradado. &#8220;O Cerrado \u00e9 um dos biomas que mais sofrem com o desmatamento. As pessoas precisam tomar consci\u00eancia de que \u00e9 preciso regenerar esse bioma\u201d, alerta Ara\u00fajo.<\/p>\n<p>&nbsp;<\/p>\n<p>Para o idealizador do movimento, o plantio n\u00e3o acaba em 8 de dezembro. &#8220;Essa\u00a0\u00e9 uma data simb\u00f3lica. Os plantios v\u00e3o at\u00e9 mar\u00e7o, quando as \u00e1guas de mar\u00e7o v\u00e3o fechar o ver\u00e3o. Depois, come\u00e7a o tempo de cuidar, para que as pessoas se esforcem para cuidar de uma \u00e1rvore a cada ano de vida\u201d, frisa.<\/p>\n<p>&nbsp;<\/p>\n<p><em>Bras\u00edlia, 15h21min<\/em><\/p>\n","protected":false},"excerpt":{"rendered":"<p>Apesar do discurso completamente atrasado do governo federal em rela\u00e7\u00e3o ao meio ambiente \u2014 h\u00e1 integrantes do Executivo que garantem que n\u00e3o existe o efeito estufa \u2014, os brasilienses prometem sair \u00e0s ruas neste domingo, 8 de dezembro, para plantar at\u00e9 1 milh\u00e3o de \u00e1rvores. &nbsp; O mutir\u00e3o est\u00e1 sendo puxado por organizadores e volunt\u00e1rios [&hellip;]<\/p>\n","protected":false},"author":22,"featured_media":12408,"comment_status":"open","ping_status":"closed","sticky":false,"template":"","format":"standard","meta":{"wpb_read_more":[],"footnotes":""},"categories":[600],"tags":[4283,2327,4284,4285],"class_list":["post-12407","post","type-post","status-publish","format-standard","has-post-thumbnail","hentry","category-economia","tag-arvores","tag-brasilienses","tag-plantio","tag-tempo-de-plantar"],"_links":{"self":[{"href":"https:\/\/blogs2.correiobraziliense.com.br\/vicente\/wp-json\/wp\/v2\/posts\/12407","targetHints":{"allow":["GET"]}}],"collection":[{"href":"https:\/\/blogs2.correiobraziliense.com.br\/vicente\/wp-json\/wp\/v2\/posts"}],"about":[{"href":"https:\/\/blogs2.correiobraziliense.com.br\/vicente\/wp-json\/wp\/v2\/types\/post"}],"author":[{"embeddable":true,"href":"https:\/\/blogs2.correiobraziliense.com.br\/vicente\/wp-json\/wp\/v2\/users\/22"}],"replies":[{"embeddable":true,"href":"https:\/\/blogs2.correiobraziliense.com.br\/vicente\/wp-json\/wp\/v2\/comments?post=12407"}],"version-history":[{"count":1,"href":"https:\/\/blogs2.correiobraziliense.com.br\/vicente\/wp-json\/wp\/v2\/posts\/12407\/revisions"}],"predecessor-version":[{"id":12409,"href":"https:\/\/blogs2.correiobraziliense.com.br\/vicente\/wp-json\/wp\/v2\/posts\/12407\/revisions\/12409"}],"wp:featuredmedia":[{"embeddable":true,"href":"https:\/\/blogs2.correiobraziliense.com.br\/vicente\/wp-json\/wp\/v2\/media\/12408"}],"wp:attachment":[{"href":"https:\/\/blogs2.correiobraziliense.com.br\/vicente\/wp-json\/wp\/v2\/media?parent=12407"}],"wp:term":[{"taxonomy":"category","embeddable":true,"href":"https:\/\/blogs2.correiobraziliense.com.br\/vicente\/wp-json\/wp\/v2\/categories?post=12407"},{"taxonomy":"post_tag","embeddable":true,"href":"https:\/\/blogs2.correiobraziliense.com.br\/vicente\/wp-json\/wp\/v2\/tags?post=12407"}],"curies":[{"name":"wp","href":"https:\/\/api.w.org\/{rel}","templated":true}]}}