{"id":12425,"date":"2019-12-06T17:21:21","date_gmt":"2019-12-06T20:21:21","guid":{"rendered":"https:\/\/blogs2.correiobraziliense.com.br\/vicente\/?p=12425"},"modified":"2019-12-06T20:56:02","modified_gmt":"2019-12-06T23:56:02","slug":"deputada-do-psl-diz-que-brasil-nao-e-um-pais-racista-e-que-a-cultura-e-um-lixo","status":"publish","type":"post","link":"https:\/\/blogs2.correiobraziliense.com.br\/vicente\/deputada-do-psl-diz-que-brasil-nao-e-um-pais-racista-e-que-a-cultura-e-um-lixo\/","title":{"rendered":"Deputada do PSL diz que Brasil n\u00e3o \u00e9 um pa\u00eds racista e que &#8220;a cultura \u00e9 um lixo&#8221;"},"content":{"rendered":"<p><a href=\"https:\/\/www.youtube.com\/watch?v=J1hVkHoRD1w\">https:\/\/www.youtube.com\/watch?v=J1hVkHoRD1w<\/a><\/p>\n<h2><\/h2>\n<h2>A deputada Bia Kicis, do PSL do Distrito Federal, diz que o Brasil n\u00e3o \u00e9 um pa\u00eds racista. Para ela, esse discurso de racismo \u00e9 uma narrativa de esquerda com o objetivo de\u00a0 dividir a popula\u00e7\u00e3o. &#8220;N\u00e3o temos \u00edndole racista, isso n\u00e3o faz parte da na\u00e7\u00e3o brasileira&#8221;, afirma ela em entrevista ao programa CB.Poder, uma parceria do <strong>Correio Braziliense<\/strong> com a Tev\u00ea Bras\u00edlia.<\/h2>\n<p>&nbsp;<\/p>\n<p>Na avalia\u00e7\u00e3o da deputada, todas as estat\u00edsticas que tratam da discrimina\u00e7\u00e3o racial no pa\u00eds &#8220;s\u00e3o manipuladas&#8221;. Isso vale, segundo ela, para os levantamentos realizados pelo Instituto Brasileiro de Geografia e Estat\u00edstica (IBGE), um \u00f3rg\u00e3o governamental, respeitado em todo o mundo.<\/p>\n<p>&nbsp;<\/p>\n<p>O IBGE tem divulgado v\u00e1rios estudos mostrando que os jovens negros s\u00e3o as principais v\u00edtimas da viol\u00eancia e que trabalhadores negros ganham muito menos do que os brancos, mesmo exercendo as mesmas fun\u00e7\u00f5es. Aponta ainda que as mulheres negras lideram o ranking do desempregados.<\/p>\n<p>&nbsp;<\/p>\n<p><a href=\"https:\/\/www.youtube.com\/watch?v=SBCoemGCID4\">https:\/\/www.youtube.com\/watch?v=SBCoemGCID4<\/a><\/p>\n<p>&nbsp;<\/p>\n<p>&#8220;Essas pesquisas n\u00e3o s\u00e3o confi\u00e1veis&#8221;, diz a deputada. Ela afirma que, quando foi procuradora, acompanhou algumas pesquisas que indicavam muitas informa\u00e7\u00f5es n\u00e3o confi\u00e1veis, distorcendo a realidade e dando argumentos para a ret\u00f3rica dos partidos de esquerda.<\/p>\n<p>&nbsp;<\/p>\n<p>Bia Kicis ressalta ainda o problema no Brasil n\u00e3o \u00e9 racial, mas social. &#8220;Uma pessoa branca, de olho azul, nascida na favela ter\u00e1 as mesmas dificuldades enfrentadas pelas pessoas de cor&#8221;, ressalta. Esse, inclusive, \u00e9 um dos motivos de ela ser contra a pol\u00edtica de cotas raciais.<\/p>\n<p>&nbsp;<\/p>\n<p><strong>Artistas<\/strong><\/p>\n<p>&nbsp;<\/p>\n<p>A deputada n\u00e3o economiza nas pol\u00eamicas. Ela afirma ser inaceit\u00e1vel dizer que esteja havendo um desmonte da cultura brasileira no governo de Jair Bolsonaro, como alardeiam os artistas, diante das nomea\u00e7\u00f5es de pessoas para \u00f3rg\u00e3os como a Ancine e a Funarte sem qualquer conhecimento na \u00e1rea.<\/p>\n<p>&nbsp;<\/p>\n<p>&#8220;A cultura foi desmontada h\u00e1 muito tempo. O desmonte foi feito nos governos anteriores&#8221;, assinala. Na avalia\u00e7\u00e3o dela, os filmes brasileiros s\u00e3o todos de ideologia de esquerda, n\u00e3o representam o pensamento da maioria da popula\u00e7\u00e3o.<\/p>\n<p>&nbsp;<\/p>\n<p>Bia Kicis \u00e9 enf\u00e1tica: &#8220;A cultura brasileira virou lixo. Sou da \u00e9poca em que havia boas pe\u00e7as de teatro, rodas de leitura. Hoje, eu quase n\u00e3o consigo ver uma pe\u00e7a de teatro, tudo \u00e9 muito fraquinho. S\u00f3 se fala palavr\u00e3o, s\u00f3 se fala besteira&#8221;.<\/p>\n<p>&nbsp;<\/p>\n<p><em>Bras\u00edlia, 17h21min<\/em><\/p>\n","protected":false},"excerpt":{"rendered":"<p>A deputada Bia Kicis, do PSL do Distrito Federal, diz que o Brasil n\u00e3o \u00e9 um pa\u00eds racista. Para ela, esse discurso de racismo \u00e9 uma narrativa de esquerda com o objetivo de\u00a0 dividir a popula\u00e7\u00e3o. &#8220;N\u00e3o temos \u00edndole racista, isso n\u00e3o faz parte da na\u00e7\u00e3o brasileira&#8221;, afirma ela em entrevista ao programa CB.Poder, uma [&hellip;]<\/p>\n","protected":false},"author":22,"featured_media":0,"comment_status":"open","ping_status":"closed","sticky":false,"template":"","format":"standard","meta":{"wpb_read_more":[],"footnotes":""},"categories":[600],"tags":[4066,2554,4263,3036,4295,23,1448,3264],"class_list":["post-12425","post","type-post","status-publish","format-standard","hentry","category-economia","tag-bia-kicis","tag-bolsonaro","tag-cultura","tag-deputada","tag-lixo","tag-lula","tag-racismo","tag-segunda-instancia"],"_links":{"self":[{"href":"https:\/\/blogs2.correiobraziliense.com.br\/vicente\/wp-json\/wp\/v2\/posts\/12425","targetHints":{"allow":["GET"]}}],"collection":[{"href":"https:\/\/blogs2.correiobraziliense.com.br\/vicente\/wp-json\/wp\/v2\/posts"}],"about":[{"href":"https:\/\/blogs2.correiobraziliense.com.br\/vicente\/wp-json\/wp\/v2\/types\/post"}],"author":[{"embeddable":true,"href":"https:\/\/blogs2.correiobraziliense.com.br\/vicente\/wp-json\/wp\/v2\/users\/22"}],"replies":[{"embeddable":true,"href":"https:\/\/blogs2.correiobraziliense.com.br\/vicente\/wp-json\/wp\/v2\/comments?post=12425"}],"version-history":[{"count":1,"href":"https:\/\/blogs2.correiobraziliense.com.br\/vicente\/wp-json\/wp\/v2\/posts\/12425\/revisions"}],"predecessor-version":[{"id":12427,"href":"https:\/\/blogs2.correiobraziliense.com.br\/vicente\/wp-json\/wp\/v2\/posts\/12425\/revisions\/12427"}],"wp:attachment":[{"href":"https:\/\/blogs2.correiobraziliense.com.br\/vicente\/wp-json\/wp\/v2\/media?parent=12425"}],"wp:term":[{"taxonomy":"category","embeddable":true,"href":"https:\/\/blogs2.correiobraziliense.com.br\/vicente\/wp-json\/wp\/v2\/categories?post=12425"},{"taxonomy":"post_tag","embeddable":true,"href":"https:\/\/blogs2.correiobraziliense.com.br\/vicente\/wp-json\/wp\/v2\/tags?post=12425"}],"curies":[{"name":"wp","href":"https:\/\/api.w.org\/{rel}","templated":true}]}}