{"id":12430,"date":"2019-12-06T20:38:26","date_gmt":"2019-12-06T23:38:26","guid":{"rendered":"https:\/\/blogs2.correiobraziliense.com.br\/vicente\/?p=12430"},"modified":"2019-12-07T23:19:36","modified_gmt":"2019-12-08T02:19:36","slug":"sete-milhoes-de-pessoas-que-tem-passe-livre-em-onibus-podem-ser-prejudicadas","status":"publish","type":"post","link":"https:\/\/blogs2.correiobraziliense.com.br\/vicente\/sete-milhoes-de-pessoas-que-tem-passe-livre-em-onibus-podem-ser-prejudicadas\/","title":{"rendered":"Sete milh\u00f5es de pessoas que t\u00eam passe livre em \u00f4nibus podem ser prejudicadas"},"content":{"rendered":"<h2>ANNA RUSSI<\/h2>\n<h2><\/h2>\n<h2>O governo do presidente Jair Bolsonaro baixou, na quarta-feira\u00a0 (04\/12), um decreto que pode prejudicar cerca de 7 milh\u00f5es de pessoas que t\u00eam passe livre em \u00f4nibus interestaduais. O servi\u00e7o, que beneficia, sobretudo, estudantes carentes, idosos, pessoas com defici\u00eancia e de baixa renda, ficar\u00e1 bem mais restrito.<\/h2>\n<p>&nbsp;<\/p>\n<p>Segundo a\u00a0Associa\u00e7\u00e3o Nacional das Empresas de Transporte Rodovi\u00e1rio de Passageiro (Anatrip), o Decreto 10.157, publicado no <em>Di\u00e1rio Oficial da Uni\u00e3o (DOU)<\/em>, desregulamenta o setor de transporte interestadual de passageiros no Brasil. O decreto fixa a livre concorr\u00eancia, a liberdade de pre\u00e7os, de itiner\u00e1rio e de frequ\u00eancia das linhas interestaduais de \u00f4nibus.<\/p>\n<p>&nbsp;<\/p>\n<p>A Anatrip ressalta que os passageiros n\u00e3o t\u00eam mais garantia de que a viagem para qual compraram passagens vai se realizar, j\u00e1 que as empresas, a partir de agora, poder\u00e3o decidir que seus \u00f4nibus s\u00f3 sair\u00e3o se a lota\u00e7\u00e3o assegurar sua rentabilidade. Ou seja, muita gente poder\u00e1 ficar \u00e0 deriva.<\/p>\n<p>&nbsp;<\/p>\n<p>Diretor da Anatrip, Clayton Vidal afirma: \u201dO cidad\u00e3o vai comprar sua passagem, mas n\u00e3o ter\u00e1 a garantia que o \u00f4nibus vai sair e nem garantia de devolu\u00e7\u00e3o do dinheiro\u201d. A tend\u00eancia \u00e9 de que o decreto prejudique as pessoas de menor poder aquisitivo, que andam de \u00f4nibus e t\u00eam renda m\u00e9dia mensal de R$ 2,7 mil, conforme pesquisa da\u00a0Ag\u00eancia Nacional de Transporte Terrestre (ANTT).<\/p>\n<p>&nbsp;<\/p>\n<p><strong>Nas m\u00e3os do governo<\/strong><\/p>\n<p>&nbsp;<\/p>\n<p>Isso mostra, na opini\u00e3o de Vidal, que as mudan\u00e7as feitas pelo governo Bolsonaro impactar\u00e3o diretamente a vida das pessoas que mais necessitam desse servi\u00e7o p\u00fablico. Ele ressalta ainda que o decreto\u00a0prejudicou especialmente os benefici\u00e1rios do passe livre.<\/p>\n<p>&nbsp;<\/p>\n<p>As quase 7 milh\u00f5es de pessoas carentes que, anualmente, recorrem ao passe livre por ano depender\u00e3o, agora, da defini\u00e7\u00e3o do governo sobre qual servi\u00e7o valer\u00e1 para tal benef\u00edcio. \u201cA partir de agora, o governo vai definir alguns desses servi\u00e7os que estar\u00e3o obrigados a transportar quem tem direito ao passe livre\u201d, ressalta o diretor da Anatrip.<\/p>\n<p>&nbsp;<\/p>\n<p>Para a associa\u00e7\u00e3o, apesar de a medida estar alinhada ao discurso do governo de livre mercado, o que, em tese, poderia gerar maior competitividade entre as empresas de \u00f4nibus, o fato de o mercado ser dominado por poucas empresas pode gerar um efeito contr\u00e1rio, com a consequente eleva\u00e7\u00e3o dos pre\u00e7os cobrados dos usu\u00e1rios.<\/p>\n<p>&nbsp;<\/p>\n<p>Enfim, os usu\u00e1rios de \u00f4nibus devem ficar atentos, especialmente aqueles que utilizam diariamente o passe livre.<\/p>\n<p>&nbsp;<\/p>\n<p><em>Bras\u00edlia, 20h38min<\/em><\/p>\n","protected":false},"excerpt":{"rendered":"<p>ANNA RUSSI O governo do presidente Jair Bolsonaro baixou, na quarta-feira\u00a0 (04\/12), um decreto que pode prejudicar cerca de 7 milh\u00f5es de pessoas que t\u00eam passe livre em \u00f4nibus interestaduais. O servi\u00e7o, que beneficia, sobretudo, estudantes carentes, idosos, pessoas com defici\u00eancia e de baixa renda, ficar\u00e1 bem mais restrito. &nbsp; Segundo a\u00a0Associa\u00e7\u00e3o Nacional das Empresas [&hellip;]<\/p>\n","protected":false},"author":22,"featured_media":12431,"comment_status":"open","ping_status":"closed","sticky":false,"template":"","format":"standard","meta":{"wpb_read_more":[],"footnotes":""},"categories":[600],"tags":[2554,2371,2700,4298,4299],"class_list":["post-12430","post","type-post","status-publish","format-standard","has-post-thumbnail","hentry","category-economia","tag-bolsonaro","tag-decreto","tag-onibus","tag-passagem","tag-passe-livre"],"_links":{"self":[{"href":"https:\/\/blogs2.correiobraziliense.com.br\/vicente\/wp-json\/wp\/v2\/posts\/12430","targetHints":{"allow":["GET"]}}],"collection":[{"href":"https:\/\/blogs2.correiobraziliense.com.br\/vicente\/wp-json\/wp\/v2\/posts"}],"about":[{"href":"https:\/\/blogs2.correiobraziliense.com.br\/vicente\/wp-json\/wp\/v2\/types\/post"}],"author":[{"embeddable":true,"href":"https:\/\/blogs2.correiobraziliense.com.br\/vicente\/wp-json\/wp\/v2\/users\/22"}],"replies":[{"embeddable":true,"href":"https:\/\/blogs2.correiobraziliense.com.br\/vicente\/wp-json\/wp\/v2\/comments?post=12430"}],"version-history":[{"count":3,"href":"https:\/\/blogs2.correiobraziliense.com.br\/vicente\/wp-json\/wp\/v2\/posts\/12430\/revisions"}],"predecessor-version":[{"id":12434,"href":"https:\/\/blogs2.correiobraziliense.com.br\/vicente\/wp-json\/wp\/v2\/posts\/12430\/revisions\/12434"}],"wp:featuredmedia":[{"embeddable":true,"href":"https:\/\/blogs2.correiobraziliense.com.br\/vicente\/wp-json\/wp\/v2\/media\/12431"}],"wp:attachment":[{"href":"https:\/\/blogs2.correiobraziliense.com.br\/vicente\/wp-json\/wp\/v2\/media?parent=12430"}],"wp:term":[{"taxonomy":"category","embeddable":true,"href":"https:\/\/blogs2.correiobraziliense.com.br\/vicente\/wp-json\/wp\/v2\/categories?post=12430"},{"taxonomy":"post_tag","embeddable":true,"href":"https:\/\/blogs2.correiobraziliense.com.br\/vicente\/wp-json\/wp\/v2\/tags?post=12430"}],"curies":[{"name":"wp","href":"https:\/\/api.w.org\/{rel}","templated":true}]}}