{"id":1244,"date":"2016-06-04T22:45:58","date_gmt":"2016-06-05T01:45:58","guid":{"rendered":"https:\/\/blogs2.correiobraziliense.com.br\/vicente\/?p=1244"},"modified":"2016-06-04T22:45:58","modified_gmt":"2016-06-05T01:45:58","slug":"ate-2019-reajustes-servidores-custarao-quase-r-100-bilhoes","status":"publish","type":"post","link":"https:\/\/blogs2.correiobraziliense.com.br\/vicente\/ate-2019-reajustes-servidores-custarao-quase-r-100-bilhoes\/","title":{"rendered":"At\u00e9 2019, reajustes a servidores custar\u00e3o quase R$ 100 bilh\u00f5es"},"content":{"rendered":"<p>O Minist\u00e9rio do Planejamento fez as contas sobre o impacto dos reajustes dos servidores aprovados pela C\u00e2mara dos Deputaados, mas divulgou os n\u00fameros pela metade, at\u00e9 2018. N\u00e3o se sabe se por m\u00e1-f\u00e9 ou por mero esquecimento, deixou de mostrar que \u00e9 a partir de 2019 que a fatura ficar\u00e1 muito mais pesada. Somente no primeiro ano de mandato \u00a0do pr\u00f3ximo presidente da Rep\u00fablica, o gasto extra ser\u00e1 de quase R$ 40 bilh\u00f5es.<\/p>\n<p>&nbsp;<\/p>\n<p>Vamos aos fatos: pelos c\u00e1lculos p\u00fablicos do Planejamento, exclu\u00eddas as carreiras que ainda n\u00e3o tiveram os aumentos aprovados pelo Congresso, os reajustes custar\u00e3o R$ 52,9 bilh\u00f5es entre 2016 e 2018. \u00c0 essa conta deve ser acrescido o custo dos que ainda est\u00e3o \u00e0 espera da aprova\u00e7\u00e3o dos acordos, de R$ 2,3 bilh\u00f5es ao ano a partir de 2017.<\/p>\n<p>&nbsp;<\/p>\n<p>Assim, por baixo, o impacto do reajuste previsto de Planejamento para 2017 passar\u00e1 de R$ 19,4 bilh\u00f5es para R$ 21,7 bilh\u00f5es. Em 2018, o custo saltar\u00e1 de R$ 26,5 bilh\u00f5es para R$ 28,8 bilh\u00f5es. A fatura deste ano ficar\u00e1 mantida em R$ 7 bilh\u00f5es. S\u00f3 a\u00ed a despesa extra j\u00e1 ter\u00e1 aumentado para R$ 57,7 bilh\u00f5es.<\/p>\n<p>&nbsp;<\/p>\n<p>Como, em 2019, os gastos com o reajuste subir\u00e3o pelo menos 36%, a despesa contratada j\u00e1 est\u00e1 em R$ 39,2 bilh\u00f5es. Quer dizer: somado esse valor aos R$ 57,7 bilh\u00f5es previstos at\u00e9 2018, em quatro anos, os servidores custar\u00e3o R$ \u00a096,9 bilh\u00f5es a mais. \u00c9 verdade que esse monte de n\u00fameros s\u00f3 confunde. Mas est\u00e1 claro que eles v\u00e3o pesar demais nas contas p\u00fablicas, o que poder\u00e1 exigir nova rodada de aumento de impostos, come\u00e7ando pela CPMF.<\/p>\n<p>&nbsp;<\/p>\n<p>Para o governo de Michel Temer \u00e9 confort\u00e1vel dizer que todos os acordos salariais foram assinados na administra\u00e7\u00e3o de Dilma Rousseff, e que n\u00e3o haveria como retroagir dos acertos que s\u00e3o considerados justos. Mas, num momento t\u00e3o conturbado da economia, seria de bom tom que um governo que assumiu com o discurso da austeridade fiscal pisasse no freio e deixasse para discutir o tema mais adiante, num contexto de crescimento econ\u00f4mico e de melhores perspectivas para os trabalhadores da iniciativa privada, v\u00edtimas ferozes da recess\u00e3o na qual o pa\u00eds mergulhou.<\/p>\n<p>&nbsp;<\/p>\n<p>Temer ter\u00e1 que gastar muita saliva para convencer os investidores que seu compromisso com o ajuste fiscal est\u00e1 de p\u00e9, apesar dos recentes deslizes.<\/p>\n<p>&nbsp;<\/p>\n<p><i>Bras\u00edlia, 21h44min<\/i><\/p>\n<p>&nbsp;<\/p>\n","protected":false},"excerpt":{"rendered":"<p>O Minist\u00e9rio do Planejamento fez as contas sobre o impacto dos reajustes dos servidores aprovados pela C\u00e2mara dos Deputaados, mas divulgou os n\u00fameros pela metade, at\u00e9 2018. N\u00e3o se sabe se por m\u00e1-f\u00e9 ou por mero esquecimento, deixou de mostrar que \u00e9 a partir de 2019 que a fatura ficar\u00e1 muito mais pesada. Somente no [&hellip;]<\/p>\n","protected":false},"author":22,"featured_media":0,"comment_status":"open","ping_status":"closed","sticky":false,"template":"","format":"standard","meta":{"wpb_read_more":[],"footnotes":""},"categories":[1],"tags":[150,151,124,123],"class_list":["post-1244","post","type-post","status-publish","format-standard","hentry","category-sem-categoria","tag-ministerio-do-planejamento","tag-r-100-bilhoes-ate-2019","tag-reajustes","tag-servidores"],"_links":{"self":[{"href":"https:\/\/blogs2.correiobraziliense.com.br\/vicente\/wp-json\/wp\/v2\/posts\/1244","targetHints":{"allow":["GET"]}}],"collection":[{"href":"https:\/\/blogs2.correiobraziliense.com.br\/vicente\/wp-json\/wp\/v2\/posts"}],"about":[{"href":"https:\/\/blogs2.correiobraziliense.com.br\/vicente\/wp-json\/wp\/v2\/types\/post"}],"author":[{"embeddable":true,"href":"https:\/\/blogs2.correiobraziliense.com.br\/vicente\/wp-json\/wp\/v2\/users\/22"}],"replies":[{"embeddable":true,"href":"https:\/\/blogs2.correiobraziliense.com.br\/vicente\/wp-json\/wp\/v2\/comments?post=1244"}],"version-history":[{"count":1,"href":"https:\/\/blogs2.correiobraziliense.com.br\/vicente\/wp-json\/wp\/v2\/posts\/1244\/revisions"}],"predecessor-version":[{"id":1245,"href":"https:\/\/blogs2.correiobraziliense.com.br\/vicente\/wp-json\/wp\/v2\/posts\/1244\/revisions\/1245"}],"wp:attachment":[{"href":"https:\/\/blogs2.correiobraziliense.com.br\/vicente\/wp-json\/wp\/v2\/media?parent=1244"}],"wp:term":[{"taxonomy":"category","embeddable":true,"href":"https:\/\/blogs2.correiobraziliense.com.br\/vicente\/wp-json\/wp\/v2\/categories?post=1244"},{"taxonomy":"post_tag","embeddable":true,"href":"https:\/\/blogs2.correiobraziliense.com.br\/vicente\/wp-json\/wp\/v2\/tags?post=1244"}],"curies":[{"name":"wp","href":"https:\/\/api.w.org\/{rel}","templated":true}]}}