{"id":125,"date":"2015-07-03T00:01:00","date_gmt":"2015-07-03T03:01:00","guid":{"rendered":"https:\/\/blogs2.correiobraziliense.com.br\/vicente\/na_corda_bamba\/"},"modified":"2015-07-03T00:01:00","modified_gmt":"2015-07-03T03:01:00","slug":"na_corda_bamba","status":"publish","type":"post","link":"https:\/\/blogs2.correiobraziliense.com.br\/vicente\/na_corda_bamba\/","title":{"rendered":"NA CORDA BAMBA"},"content":{"rendered":"\n<p>Em meio a tantas not\u00edcias ruins e com o Congresso n\u00e3o economizando nas bombas disparadas no colo da presidente Dilma Rousseff, o governo viu um fio de esperan\u00e7a no resultado da ind\u00fastria em maio. A produ\u00e7\u00e3o computou avan\u00e7o de 0,6% ante abril, contrariando as proje\u00e7\u00f5es de todos os analistas privados, que apostavam em queda m\u00e9dia de 0,5%. Na avalia\u00e7\u00e3o de integrantes da equipe econ\u00f4mica, mesmo que o n\u00famero esteja longe de mostrar uma virada na recess\u00e3o que atormenta o pa\u00eds, j\u00e1 se come\u00e7a a ver uma luz no fim do t\u00fanel. <\/p>\n<p>\u201cTemos de nos apegar a alguma coisa, pois o pessimismo passou dos limites\u201d, diz um t\u00e9cnico com tr\u00e2nsito no Pal\u00e1cio do Planalto. \u201cN\u00e3o podemos negar que a situa\u00e7\u00e3o da economia hoje \u00e9 assustadora, que os n\u00fameros gerais que ainda veremos nos pr\u00f3ximos meses indicar\u00e3o que o pa\u00eds est\u00e1 no atoleiro. Mas ver a ind\u00fastria dar um suspiro em maio foi um fato positivo. Mostra que, quando todas as condi\u00e7\u00f5es estiverem reunidas, a rea\u00e7\u00e3o da economia ser\u00e1 vigorosa\u201d, ressalta. \u201cMas teremos que ter muita paci\u00eancia, at\u00e9 que a confian\u00e7a seja reconstru\u00edda\u201d, reconhece. <\/p>\n<p>O grande medo do governo, neste momento, \u00e9 que, independentemente dos sinais favor\u00e1veis emitidos aos agentes econ\u00f4micos pelo Minist\u00e9rio da Fazenda, na \u00e1rea fiscal, e pelo Banco Central, no combate \u00e0 infla\u00e7\u00e3o, o Congresso ponha a perder o pouco que se construiu desde que a presidente Dilma Rousseff optou por um caminho mais racional, sem as estripulias que marcaram o primeiro mandato e que est\u00e3o custando caro ao pa\u00eds. <\/p>\n<p>\u201cSabemos que o Congresso tornou-se um problema. Aprovar o aumento de at\u00e9 78% para os sal\u00e1rios do Judici\u00e1rio foi s\u00f3 uma das muitas irresponsabilidades fiscais dos parlamentares. Mas vamos nos contrapor, sem agress\u00f5es, sem partir para o confronto\u201d, acrescenta um funcion\u00e1rio do Minist\u00e9rio do Planejamento. Ele acredita que a divis\u00e3o no Supremo Tribunal Federal (STF) em torno do reajuste sinaliza que a decis\u00e3o do Congresso ser\u00e1 revertida sem traumas e os servidores ter\u00e3o de se contentar com o que o governo ofereceu: 21,3% ao longo de quatro anos. <\/p>\n<p>Desconfian\u00e7a <\/p>\n<p>Esse discurso positivo dos t\u00e9cnicos \u00e9 compreens\u00edvel, mas est\u00e1 longe de empolgar quem acompanha o dia a dia da economia e o funcionamento do governo. Por mais que a Fazenda e o BC tentem difundir otimismo \u2014 o presidente da autoridade monet\u00e1ria, Alexandre Tombini, garante que a retomada do crescimento vir\u00e1 antes de a infla\u00e7\u00e3o convergir para o centro da meta, de 4,5%, at\u00e9 o fim de 2016 \u2014, o que se v\u00ea \u00e9 uma administra\u00e7\u00e3o totalmente perdida, sem lideran\u00e7a, movida a egos e que passa a impress\u00e3o de s\u00f3 trabalhar com improvisos. Por isso, o Congresso est\u00e1 provocando tantos transtornos ao Planalto. <\/p>\n<p>Entre os especialistas, a sensa\u00e7\u00e3o \u00e9 de que a presidente Dilma entregou os pontos, com apenas seis meses de mandato. Nem mesmo o trabalho de convencimento do ministro Joaquim Levy e de Tombini de que o ajuste fiscal \u00e9 para valer e de que a infla\u00e7\u00e3o cair\u00e1 para n\u00edveis mais civilizados tem servido de conforto. A expectativa \u00e9 de que, a qualquer momento, todas as promessas de reordenamento da economia ser\u00e3o abandonadas. Para se ter uma ideia desse ceticismo, n\u00e3o h\u00e1 hoje no mercado ningu\u00e9m que acredite na capacidade da Fazenda de cumprir a meta de superavit prim\u00e1rio de 1,1% do Produto Interno Bruto (PIB). <\/p>\n<p>\u201cOlhando para o governo que se tem hoje, temos que estar preparados para todo tipo de frustra\u00e7\u00e3o. Trata-se de um governo fraco politicamente, sem representatividade, com um n\u00edvel alt\u00edssimo de rejei\u00e7\u00e3o\u201d, avalia um dos maiores empres\u00e1rios do pa\u00eds. \u201cDiante disso, ningu\u00e9m se arrisca a tocar projetos que possam contribuir para a retomada do crescimento\u201d, assinala. \u201cQuem tem dinheiro em caixa est\u00e1 sentado em cima de t\u00edtulos p\u00fablicos \u2014 esses, sim, investimentos rent\u00e1veis e sem riscos no mar de incerteza que vivemos\u201d, emenda. <\/p>\n<p>Para o empres\u00e1rio, n\u00e3o s\u00e3o apenas os donos do dinheiro a expressar desalento em rela\u00e7\u00e3o ao Brasil. A popula\u00e7\u00e3o, acredita ele, est\u00e1 farta de tanta informa\u00e7\u00e3o negativa vinda do governo. A cada dia surge uma den\u00fancia nova de corrup\u00e7\u00e3o. A sensa\u00e7\u00e3o \u00e9 de que a m\u00e1quina p\u00fablica est\u00e1 podre. \u201cN\u00e3o bastasse a Petrobras, estamos descobrindo que a Receita Federal est\u00e1 infestada de irregularidades, assim como a Casa da Moeda e o INSS (Instituto Nacional do Seguro Social). Como pedir paci\u00eancia \u00e0 popula\u00e7\u00e3o?\u201d, indaga. <\/p>\n<p>Sinais de problemas <\/p>\n<p>\u00bb Gente gra\u00fada do mercado financeiro acredita que o sistema banc\u00e1rio passar\u00e1 por um novo processo de consolida\u00e7\u00e3o. H\u00e1 bancos de pequeno e m\u00e9dio portes que est\u00e3o com a corda no pesco\u00e7o, vendo as receitas despencarem e a inadimpl\u00eancia subir. O Banco Central j\u00e1 detectou sinais de problemas. <\/p>\n<p>O que teme Agnelo? <\/p>\n<p>\u00bb Agnelo Queiroz, ex-governador do Distrito Federal, est\u00e1 circulando por S\u00e3o Paulo. Foi visto na quarta-feira almo\u00e7ando no restaurante Spot, na Avenida Paulista. Estava acuado, temendo ser reconhecido. Assim que entrou no estabelecimento pediu para se sentar em uma mesa ao fundo. O que ser\u00e1 que ele tanto teme? <\/p>\n<p>Bras\u00edlia, 00h01min   <\/p>\n","protected":false},"excerpt":{"rendered":"<p>Em meio a tantas not\u00edcias ruins e com o Congresso n\u00e3o economizando nas bombas disparadas no colo da presidente Dilma Rousseff, o governo viu um fio de esperan\u00e7a no resultado da ind\u00fastria em maio. A produ\u00e7\u00e3o computou avan\u00e7o de 0,6% ante abril, contrariando as proje\u00e7\u00f5es de todos os analistas privados, que apostavam em queda m\u00e9dia [&hellip;]<\/p>\n","protected":false},"author":22,"featured_media":0,"comment_status":"open","ping_status":"open","sticky":false,"template":"","format":"standard","meta":{"wpb_read_more":[],"footnotes":""},"categories":[1],"tags":[],"class_list":["post-125","post","type-post","status-publish","format-standard","hentry","category-sem-categoria"],"_links":{"self":[{"href":"https:\/\/blogs2.correiobraziliense.com.br\/vicente\/wp-json\/wp\/v2\/posts\/125","targetHints":{"allow":["GET"]}}],"collection":[{"href":"https:\/\/blogs2.correiobraziliense.com.br\/vicente\/wp-json\/wp\/v2\/posts"}],"about":[{"href":"https:\/\/blogs2.correiobraziliense.com.br\/vicente\/wp-json\/wp\/v2\/types\/post"}],"author":[{"embeddable":true,"href":"https:\/\/blogs2.correiobraziliense.com.br\/vicente\/wp-json\/wp\/v2\/users\/22"}],"replies":[{"embeddable":true,"href":"https:\/\/blogs2.correiobraziliense.com.br\/vicente\/wp-json\/wp\/v2\/comments?post=125"}],"version-history":[{"count":0,"href":"https:\/\/blogs2.correiobraziliense.com.br\/vicente\/wp-json\/wp\/v2\/posts\/125\/revisions"}],"wp:attachment":[{"href":"https:\/\/blogs2.correiobraziliense.com.br\/vicente\/wp-json\/wp\/v2\/media?parent=125"}],"wp:term":[{"taxonomy":"category","embeddable":true,"href":"https:\/\/blogs2.correiobraziliense.com.br\/vicente\/wp-json\/wp\/v2\/categories?post=125"},{"taxonomy":"post_tag","embeddable":true,"href":"https:\/\/blogs2.correiobraziliense.com.br\/vicente\/wp-json\/wp\/v2\/tags?post=125"}],"curies":[{"name":"wp","href":"https:\/\/api.w.org\/{rel}","templated":true}]}}