{"id":1254,"date":"2016-06-05T21:58:00","date_gmt":"2016-06-06T00:58:00","guid":{"rendered":"https:\/\/blogs2.correiobraziliense.com.br\/vicente\/?p=1254"},"modified":"2016-06-06T16:23:39","modified_gmt":"2016-06-06T19:23:39","slug":"reforco-na-defesa","status":"publish","type":"post","link":"https:\/\/blogs2.correiobraziliense.com.br\/vicente\/reforco-na-defesa\/","title":{"rendered":"Refor\u00e7o na Defesa"},"content":{"rendered":"<p>POR ROSANA HESSEL<\/p>\n<p>&nbsp;<\/p>\n<p>O economista Jos\u00e9 Lu\u00eds Oreiro, professor da Universidade Federal do Rio de Janeiro (UFRJ), aceitou o convite do ministro da Defesa, Raul Jungman, para ser assessor econ\u00f4mico da pasta. Oreiro j\u00e1 estava em processo de transfer\u00eancia da UFRJ para a Universidade de Bras\u00edlia (UnB). A ideia \u00e9 que, assim que forem conclu\u00eddos os tr\u00e2mites burocr\u00e1ticos, ele se licencie da UnB e, at\u00e9 o in\u00edcio de agosto, assuma o posto na Defesa.<\/p>\n","protected":false},"excerpt":{"rendered":"<p>POR ROSANA HESSEL &nbsp; O economista Jos\u00e9 Lu\u00eds Oreiro, professor da Universidade Federal do Rio de Janeiro (UFRJ), aceitou o convite do ministro da Defesa, Raul Jungman, para ser assessor econ\u00f4mico da pasta. Oreiro j\u00e1 estava em processo de transfer\u00eancia da UFRJ para a Universidade de Bras\u00edlia (UnB). A ideia \u00e9 que, assim que forem [&hellip;]<\/p>\n","protected":false},"author":22,"featured_media":0,"comment_status":"open","ping_status":"closed","sticky":false,"template":"","format":"standard","meta":{"wpb_read_more":[],"footnotes":""},"categories":[1],"tags":[171,172,173,174],"class_list":["post-1254","post","type-post","status-publish","format-standard","hentry","category-sem-categoria","tag-jose-luis-oreiro","tag-ministerio-da-defesa","tag-ufrj","tag-unb"],"_links":{"self":[{"href":"https:\/\/blogs2.correiobraziliense.com.br\/vicente\/wp-json\/wp\/v2\/posts\/1254","targetHints":{"allow":["GET"]}}],"collection":[{"href":"https:\/\/blogs2.correiobraziliense.com.br\/vicente\/wp-json\/wp\/v2\/posts"}],"about":[{"href":"https:\/\/blogs2.correiobraziliense.com.br\/vicente\/wp-json\/wp\/v2\/types\/post"}],"author":[{"embeddable":true,"href":"https:\/\/blogs2.correiobraziliense.com.br\/vicente\/wp-json\/wp\/v2\/users\/22"}],"replies":[{"embeddable":true,"href":"https:\/\/blogs2.correiobraziliense.com.br\/vicente\/wp-json\/wp\/v2\/comments?post=1254"}],"version-history":[{"count":1,"href":"https:\/\/blogs2.correiobraziliense.com.br\/vicente\/wp-json\/wp\/v2\/posts\/1254\/revisions"}],"predecessor-version":[{"id":1255,"href":"https:\/\/blogs2.correiobraziliense.com.br\/vicente\/wp-json\/wp\/v2\/posts\/1254\/revisions\/1255"}],"wp:attachment":[{"href":"https:\/\/blogs2.correiobraziliense.com.br\/vicente\/wp-json\/wp\/v2\/media?parent=1254"}],"wp:term":[{"taxonomy":"category","embeddable":true,"href":"https:\/\/blogs2.correiobraziliense.com.br\/vicente\/wp-json\/wp\/v2\/categories?post=1254"},{"taxonomy":"post_tag","embeddable":true,"href":"https:\/\/blogs2.correiobraziliense.com.br\/vicente\/wp-json\/wp\/v2\/tags?post=1254"}],"curies":[{"name":"wp","href":"https:\/\/api.w.org\/{rel}","templated":true}]}}