{"id":12547,"date":"2019-12-20T21:10:53","date_gmt":"2019-12-21T00:10:53","guid":{"rendered":"https:\/\/blogs2.correiobraziliense.com.br\/vicente\/?p=12547"},"modified":"2019-12-20T22:08:21","modified_gmt":"2019-12-21T01:08:21","slug":"confraternizacao-de-fim-de-ano-na-secretaria-de-governo-faz-a-alegria-de-300-funcionarios","status":"publish","type":"post","link":"https:\/\/blogs2.correiobraziliense.com.br\/vicente\/confraternizacao-de-fim-de-ano-na-secretaria-de-governo-faz-a-alegria-de-300-funcionarios\/","title":{"rendered":"Confraterniza\u00e7\u00e3o de fim de ano da Secretaria de Governo faz a alegria de 300 funcion\u00e1rios"},"content":{"rendered":"<ol>\n<li><span style=\"font-weight: 400\">RODOLFO COSTA<\/span><\/li>\n<\/ol>\n<p>&nbsp;<\/p>\n<p><span style=\"font-weight: 400\">O ministro-chefe da Secretaria de Governo (Segov), Luiz Eduardo Ramos \u2014 respons\u00e1vel pela articula\u00e7\u00e3o pol\u00edtica do governo \u2014, capitaneou uma articula\u00e7\u00e3o diferente nesta sexta-feira (20\/12). Ele reuniu quase 300 pessoas no 1\u00ba Regimento de Cavalaria de Guardas (RCG) para uma confraterniza\u00e7\u00e3o de fim de ano com funcion\u00e1rios da pasta e terceirizados que prestam servi\u00e7os gerais \u00e0 Presid\u00eancia da Rep\u00fablica. Estiveram presentes desde faxineiras, copeiras e motoristas ao alto escal\u00e3o da pasta. \u201cA ideia era valorizar o integrante da Secretaria de Governo\u201d, disse Ramos ao <\/span><b>Blog<\/b><span style=\"font-weight: 400\">.\u00a0<\/span><\/p>\n<p>&nbsp;<\/p>\n<p><span style=\"font-weight: 400\">Os colaboradores n\u00e3o sa\u00edram de m\u00e3os abanando. A Segov distribuiu panetones e presentes e organizou um almo\u00e7o bancado com dinheiro dos mais abastados da pasta. \u201cO almo\u00e7o foi pago por quem tem mais recursos. Eu paguei R$ 150, porque sou ministro, eu ganho mais\u201d, destacou Ramos. No fim das contas, todos contribu\u00edram. Alguns, com doa\u00e7\u00f5es, outros, com gratid\u00e3o e um grande sorriso estampado no rosto. \u201cNossa inten\u00e7\u00e3o foi dar aten\u00e7\u00e3o ao ser humano, \u00e0s pessoas\u201d, acrescentou.\u00a0<\/span><\/p>\n<p>&nbsp;<\/p>\n<p><span style=\"font-weight: 400\">A confraterniza\u00e7\u00e3o de fim de ano da Segov cativou Ramos, que n\u00e3o esconde a satisfa\u00e7\u00e3o em poder ter compartilhado o momento com os funcion\u00e1rios. \u201cFoi bacana ver os olhinhos das pessoas. Uma senhorinha me abordou e disse: \u2018ministro, nunca vi isso. O senhor fazer uma festa de fim de ano, entregar presente, nunca tinha visto isso\u2019. E eu e minha equipe ficamos muito felizes com isso\u201d, afirmou.\u00a0<\/span><\/p>\n<p>&nbsp;<\/p>\n<p><strong>Valoriza\u00e7\u00e3o<\/strong><\/p>\n<p><span style=\"font-weight: 400\">O dia de festas come\u00e7ou no Pal\u00e1cio do Planalto. Pela manh\u00e3, Ramos apresentou uma proje\u00e7\u00e3o de todo o trabalho da Segov a todos os funcion\u00e1rios, de motorista, copeiro, servidores, assessores, a secret\u00e1rios da pasta. \u201cFizemos essa apresenta\u00e7\u00e3o para valorizar a equipe da Segov\u201d, justificou. Em um v\u00eddeo, ele compartilha com os colaboradores os feitos na gest\u00e3o.\u00a0<\/span><\/p>\n<p>&nbsp;<\/p>\n<p><span style=\"font-weight: 400\">Na produ\u00e7\u00e3o audiovisual, Ramos comemora ter feito 1,5 mil atendimentos entre julho e dezembro deste ano e conseguido a aprova\u00e7\u00e3o de mat\u00e9rias importantes, como a reforma da Previd\u00eancia, a lei da cess\u00e3o onerosa, o programa M\u00e9dicos pelo Brasil, a reestrutura\u00e7\u00e3o da carreira dos militares e o pacote anticrime.\u00a0<\/span><\/p>\n<p>&nbsp;<\/p>\n<p><span style=\"font-weight: 400\">\u201cVi na pr\u00e1tica que a vida de ministro, meus amigos e amigas, n\u00e3o \u00e9 f\u00e1cil. Mas agrade\u00e7o a Deus por todos os dias por ter a meu lado um time altamente qualificado que s\u00e3o os senhores e senhoras, de servidores, sem os quais este minist\u00e9rio n\u00e3o funciona. S\u00e3o secret\u00e1rios, secret\u00e1rias, diretores, copeiras, coordenadores, analistas, chefe de gabinete, gar\u00e7ons, assessores, amigos e amigas\u201d, parabenizou. <\/span><\/p>\n","protected":false},"excerpt":{"rendered":"<p>RODOLFO COSTA &nbsp; O ministro-chefe da Secretaria de Governo (Segov), Luiz Eduardo Ramos \u2014 respons\u00e1vel pela articula\u00e7\u00e3o pol\u00edtica do governo \u2014, capitaneou uma articula\u00e7\u00e3o diferente nesta sexta-feira (20\/12). Ele reuniu quase 300 pessoas no 1\u00ba Regimento de Cavalaria de Guardas (RCG) para uma confraterniza\u00e7\u00e3o de fim de ano com funcion\u00e1rios da pasta e terceirizados que [&hellip;]<\/p>\n","protected":false},"author":22,"featured_media":12548,"comment_status":"open","ping_status":"closed","sticky":false,"template":"","format":"standard","meta":{"wpb_read_more":[],"footnotes":""},"categories":[600],"tags":[4329,2872,467,4328,3989,3081],"class_list":["post-12547","post","type-post","status-publish","format-standard","has-post-thumbnail","hentry","category-economia","tag-ano","tag-fim","tag-governo","tag-natal","tag-ramos","tag-secretaria"],"_links":{"self":[{"href":"https:\/\/blogs2.correiobraziliense.com.br\/vicente\/wp-json\/wp\/v2\/posts\/12547","targetHints":{"allow":["GET"]}}],"collection":[{"href":"https:\/\/blogs2.correiobraziliense.com.br\/vicente\/wp-json\/wp\/v2\/posts"}],"about":[{"href":"https:\/\/blogs2.correiobraziliense.com.br\/vicente\/wp-json\/wp\/v2\/types\/post"}],"author":[{"embeddable":true,"href":"https:\/\/blogs2.correiobraziliense.com.br\/vicente\/wp-json\/wp\/v2\/users\/22"}],"replies":[{"embeddable":true,"href":"https:\/\/blogs2.correiobraziliense.com.br\/vicente\/wp-json\/wp\/v2\/comments?post=12547"}],"version-history":[{"count":4,"href":"https:\/\/blogs2.correiobraziliense.com.br\/vicente\/wp-json\/wp\/v2\/posts\/12547\/revisions"}],"predecessor-version":[{"id":12552,"href":"https:\/\/blogs2.correiobraziliense.com.br\/vicente\/wp-json\/wp\/v2\/posts\/12547\/revisions\/12552"}],"wp:featuredmedia":[{"embeddable":true,"href":"https:\/\/blogs2.correiobraziliense.com.br\/vicente\/wp-json\/wp\/v2\/media\/12548"}],"wp:attachment":[{"href":"https:\/\/blogs2.correiobraziliense.com.br\/vicente\/wp-json\/wp\/v2\/media?parent=12547"}],"wp:term":[{"taxonomy":"category","embeddable":true,"href":"https:\/\/blogs2.correiobraziliense.com.br\/vicente\/wp-json\/wp\/v2\/categories?post=12547"},{"taxonomy":"post_tag","embeddable":true,"href":"https:\/\/blogs2.correiobraziliense.com.br\/vicente\/wp-json\/wp\/v2\/tags?post=12547"}],"curies":[{"name":"wp","href":"https:\/\/api.w.org\/{rel}","templated":true}]}}