{"id":1258,"date":"2016-06-06T13:10:28","date_gmt":"2016-06-06T16:10:28","guid":{"rendered":"https:\/\/blogs2.correiobraziliense.com.br\/vicente\/?p=1258"},"modified":"2016-06-07T00:01:39","modified_gmt":"2016-06-07T03:01:39","slug":"fazenda-tenta-conter-estrago-de-reajuste-do-funcionalismo","status":"publish","type":"post","link":"https:\/\/blogs2.correiobraziliense.com.br\/vicente\/fazenda-tenta-conter-estrago-de-reajuste-do-funcionalismo\/","title":{"rendered":"Fazenda tenta conter estrago de reajuste do funcionalismo. Mas descr\u00e9dito j\u00e1 \u00e9 grande"},"content":{"rendered":"<p>Diante da gritaria de economistas conceituados contra o reajuste concedido aos servidores p\u00fablicos, mesmo com as contas p\u00fablicas destro\u00e7adas e o desemprego massacrando os trabalhadores da iniciativa privada, o Minist\u00e9rio da Fazenda decidiu se posicionar em busca de credibilidade. Em nota, a pasta chefiada por Henrique Meirelles informou que os aumentos de servidores est\u00e3o condicionados ao teto Constitucional. Ou seja, se aprovada a emenda \u00e0 Constitui\u00e7\u00e3o que limita o crescimento dos gastos \u00e0 infla\u00e7\u00e3o do ano anterior, isso valer\u00e1 para o funcionalismo, que deixar\u00e1 de ter ganhos reais nos sal\u00e1rios.<\/p>\n<p>&nbsp;<\/p>\n<p>Na verdade, a proposta da equipe econ\u00f4mica era, desde o in\u00edcio, deixar claro na PEC que ser\u00e1 encaminhada ao Congresso, que o teto valeria para os servidores. Mas a sugest\u00e3o foi derrubada por Meirelles e pelo presidente interino, Michel Temer, antes da divulga\u00e7\u00e3o das medidas econ\u00f4micas h\u00e1 pouco mais de uma semana. O Planalto avaliou que n\u00e3o havia porque comprar briga com a categoria, muito ligada \u00e0 Central \u00danica dos Trabalhadores (CUT), dominada pelo PT. N\u00e3o por acaso, logo depois, Temer deu aval para que a C\u00e2mara aprovasse os aumentos acertados ainda no governo de Dilma Rousseff.<\/p>\n<p>&nbsp;<\/p>\n<p>Agora, com a repercuss\u00e3o negativa e o descr\u00e9dito que come\u00e7a a se formar em rela\u00e7\u00e3o \u00e0 equipe chefiada por Meirelles, a Fazenda decidiu reagir. Mas o estrago j\u00e1 foi feito. Pelas contas do <strong>Blog<\/strong>, os reajustes custar\u00e3o quase R$ 100 bilh\u00f5es at\u00e9 2019. Leia a \u00edntegra da nota do minist\u00e9rio:<\/p>\n<p>&nbsp;<\/p>\n<p><em>\u00a0&#8220;O governo j\u00e1 anunciou que vai propor ao Congresso Nacional emenda constitucional que limitar\u00e1, pela primeira vez, o crescimento do gasto p\u00fablico e proporcionar\u00e1 o necess\u00e1rio ajuste estrutural das contas p\u00fablicas.<\/em><\/p>\n<p><em>Essa proposta de emenda constitucional (PEC) adotar\u00e1 os valores considerados no Or\u00e7amento deste ano e definir\u00e1 que n\u00e3o haver\u00e1 crescimento real, ou seja, esses valores ser\u00e3o reajustados com base na infla\u00e7\u00e3o medida no ano anterior.<\/em><\/p>\n<p><em>\u00c9 prerrogativa do Congresso Nacional decidir onde os recursos p\u00fablicos ser\u00e3o alocados, respeitando esse novo limite constitucional, caso a PEC seja aprovada.<\/em><\/p>\n<p><em>O reajuste do funcionalismo estar\u00e1 sujeito ao limite constitucional de gastos. Portanto, n\u00e3o h\u00e1 nenhuma diverg\u00eancia entre o Minist\u00e9rio da Fazenda e o presidente da Rep\u00fablica em exerc\u00edcio Michel Temer.&#8221;<\/em><\/p>\n<p>&nbsp;<\/p>\n<p><em>Bras\u00edlia, 13h10min<\/em><\/p>\n","protected":false},"excerpt":{"rendered":"<p>Diante da gritaria de economistas conceituados contra o reajuste concedido aos servidores p\u00fablicos, mesmo com as contas p\u00fablicas destro\u00e7adas e o desemprego massacrando os trabalhadores da iniciativa privada, o Minist\u00e9rio da Fazenda decidiu se posicionar em busca de credibilidade. Em nota, a pasta chefiada por Henrique Meirelles informou que os aumentos de servidores est\u00e3o condicionados [&hellip;]<\/p>\n","protected":false},"author":22,"featured_media":0,"comment_status":"open","ping_status":"closed","sticky":false,"template":"","format":"standard","meta":{"wpb_read_more":[],"footnotes":""},"categories":[1],"tags":[162,21,111,124,123],"class_list":["post-1258","post","type-post","status-publish","format-standard","hentry","category-sem-categoria","tag-descredito","tag-henrique-meirelles","tag-michel-temer","tag-reajustes","tag-servidores"],"_links":{"self":[{"href":"https:\/\/blogs2.correiobraziliense.com.br\/vicente\/wp-json\/wp\/v2\/posts\/1258","targetHints":{"allow":["GET"]}}],"collection":[{"href":"https:\/\/blogs2.correiobraziliense.com.br\/vicente\/wp-json\/wp\/v2\/posts"}],"about":[{"href":"https:\/\/blogs2.correiobraziliense.com.br\/vicente\/wp-json\/wp\/v2\/types\/post"}],"author":[{"embeddable":true,"href":"https:\/\/blogs2.correiobraziliense.com.br\/vicente\/wp-json\/wp\/v2\/users\/22"}],"replies":[{"embeddable":true,"href":"https:\/\/blogs2.correiobraziliense.com.br\/vicente\/wp-json\/wp\/v2\/comments?post=1258"}],"version-history":[{"count":2,"href":"https:\/\/blogs2.correiobraziliense.com.br\/vicente\/wp-json\/wp\/v2\/posts\/1258\/revisions"}],"predecessor-version":[{"id":1272,"href":"https:\/\/blogs2.correiobraziliense.com.br\/vicente\/wp-json\/wp\/v2\/posts\/1258\/revisions\/1272"}],"wp:attachment":[{"href":"https:\/\/blogs2.correiobraziliense.com.br\/vicente\/wp-json\/wp\/v2\/media?parent=1258"}],"wp:term":[{"taxonomy":"category","embeddable":true,"href":"https:\/\/blogs2.correiobraziliense.com.br\/vicente\/wp-json\/wp\/v2\/categories?post=1258"},{"taxonomy":"post_tag","embeddable":true,"href":"https:\/\/blogs2.correiobraziliense.com.br\/vicente\/wp-json\/wp\/v2\/tags?post=1258"}],"curies":[{"name":"wp","href":"https:\/\/api.w.org\/{rel}","templated":true}]}}