{"id":12592,"date":"2020-01-03T11:55:26","date_gmt":"2020-01-03T14:55:26","guid":{"rendered":"https:\/\/blogs2.correiobraziliense.com.br\/vicente\/?p=12592"},"modified":"2020-01-03T12:25:30","modified_gmt":"2020-01-03T15:25:30","slug":"governo-nao-descarta-intervir-na-petrobras-para-segurar-precos-da-gasolina","status":"publish","type":"post","link":"https:\/\/blogs2.correiobraziliense.com.br\/vicente\/governo-nao-descarta-intervir-na-petrobras-para-segurar-precos-da-gasolina\/","title":{"rendered":"Governo n\u00e3o descarta intervir na Petrobras para segurar pre\u00e7os da gasolina"},"content":{"rendered":"<h2>Assessores pr\u00f3ximos do presidente Jair Bolsonaro n\u00e3o descartam a possibilidade de a Petrobras segurar os pre\u00e7os dos combust\u00edveis para conter descontentamentos em rela\u00e7\u00e3o ao governo. O discurso, inclusive, j\u00e1 est\u00e1 sendo preparado: estamos diante de uma crise externa, que n\u00e3o pode afetar os brasileiros.<\/h2>\n<p>&nbsp;<\/p>\n<p>O Pal\u00e1cio do Planalto teme, sobretudo, a rea\u00e7\u00e3o dos caminhoneiros, que est\u00e3o divididos. Em dezembro \u00faltimo, uma ala dos caminhoneiros amea\u00e7ou cruzar os bra\u00e7os, mas acabou sendo convencida a n\u00e3o levar o movimento adiante.<\/p>\n<p>&nbsp;<\/p>\n<p>Para os caminhoneiros, os pre\u00e7os do diesel devem se manter sem grandes oscila\u00e7\u00f5es, uma vez que qualquer alta acentuada do combust\u00edvel reduz os ganhos da categoria, que j\u00e1 est\u00e1 sacrificada. A ala de caminhoneiros que amea\u00e7ou fazer greve est\u00e1 muito pr\u00f3xima da Central \u00danica dos Trabalhadores (CUT).<\/p>\n<p>&nbsp;<\/p>\n<p>O atual governo j\u00e1 segurou os <a href=\"https:\/\/blogs2.correiobraziliense.com.br\/vicente\/consumidores-temem-disparada-dos-precos-da-gasolina\/\">pre\u00e7os da gasolina<\/a> e do diesel por um per\u00edodo superior a 50 dias. Essa &#8220;estabilidade&#8221; veio depois de reclama\u00e7\u00f5es de Bolsonaro de que os valores cobrados de motoristas em geral estavam altos demais.<\/p>\n<p>&nbsp;<\/p>\n<p><strong>Reuni\u00e3o com Guedes<\/strong><\/p>\n<p>&nbsp;<\/p>\n<p>Nesta sexta-feira (03\/01), o <a href=\"https:\/\/www.correiobraziliense.com.br\/app\/noticia\/economia\/2020\/01\/03\/internas_economia,818097\/bolsonaro-quer-evitar-alta-no-preco-dos-combustiveis-apos-acao-dos-eua.shtml\">presidente disse que\u00a0vai tratar<\/a> sobre o impacto de\u00a0uma a\u00e7\u00e3o militar dos Estados Unidos no Iraque, que matou um dos principais l\u00edderes iranianos, sobre os pre\u00e7os dos combust\u00edveis com o ministro da Economia, Paulo Guedes, e o presidente da Petrobras, Roberto Castello Branco.<\/p>\n<p>&nbsp;<\/p>\n<p>Segundo a pol\u00edtica de pre\u00e7os da Petrobras, as altas e as baixas dos valores dos combust\u00edveis acompanham, principalmente, as varia\u00e7\u00f5es do petr\u00f3leo no mercado internacional e as cota\u00e7\u00f5es do d\u00f3lar. No caso, os dois est\u00e3o em alta. Resta saber se essa valoriza\u00e7\u00e3o se manter\u00e1 pelos pr\u00f3ximos dias.<\/p>\n<p>&nbsp;<\/p>\n<p>A maior interven\u00e7\u00e3o na Petrobras ocorreu durante o governo de Dilma Rousseff. Para conter a disparada da infla\u00e7\u00e3o, a ent\u00e3o presidente ordenou que a estatal segurasse os reajustes dos combust\u00edveis. Essa pol\u00edtica afetou seriamente o caixa da petroleira. Estima-se que as perdas da companhia tenham passado, nesse per\u00edodo, de R$ 70 bilh\u00f5es.<\/p>\n<p>&nbsp;<\/p>\n<p>Os consumidores j\u00e1 est\u00e3o preocupados com uma poss\u00edvel alta dos pre\u00e7os dos combust\u00edveis. Os postos avisam que est\u00e3o com os estoques baixos e qualquer movimento de alta nas refinarias ser\u00e1 repassado para as bombas.<\/p>\n<p>&nbsp;<\/p>\n<p><em>Bras\u00edlia, 11h55min<\/em><\/p>\n","protected":false},"excerpt":{"rendered":"<p>Assessores pr\u00f3ximos do presidente Jair Bolsonaro n\u00e3o descartam a possibilidade de a Petrobras segurar os pre\u00e7os dos combust\u00edveis para conter descontentamentos em rela\u00e7\u00e3o ao governo. O discurso, inclusive, j\u00e1 est\u00e1 sendo preparado: estamos diante de uma crise externa, que n\u00e3o pode afetar os brasileiros. &nbsp; O Pal\u00e1cio do Planalto teme, sobretudo, a rea\u00e7\u00e3o dos caminhoneiros, [&hellip;]<\/p>\n","protected":false},"author":22,"featured_media":10489,"comment_status":"open","ping_status":"closed","sticky":false,"template":"","format":"standard","meta":{"wpb_read_more":[],"footnotes":""},"categories":[600],"tags":[850,2554,998,363,268,3835,228],"class_list":["post-12592","post","type-post","status-publish","format-standard","has-post-thumbnail","hentry","category-economia","tag-alta","tag-bolsonaro","tag-combustiveis","tag-estados-unidos","tag-gasolina","tag-ira","tag-petrobras"],"_links":{"self":[{"href":"https:\/\/blogs2.correiobraziliense.com.br\/vicente\/wp-json\/wp\/v2\/posts\/12592","targetHints":{"allow":["GET"]}}],"collection":[{"href":"https:\/\/blogs2.correiobraziliense.com.br\/vicente\/wp-json\/wp\/v2\/posts"}],"about":[{"href":"https:\/\/blogs2.correiobraziliense.com.br\/vicente\/wp-json\/wp\/v2\/types\/post"}],"author":[{"embeddable":true,"href":"https:\/\/blogs2.correiobraziliense.com.br\/vicente\/wp-json\/wp\/v2\/users\/22"}],"replies":[{"embeddable":true,"href":"https:\/\/blogs2.correiobraziliense.com.br\/vicente\/wp-json\/wp\/v2\/comments?post=12592"}],"version-history":[{"count":1,"href":"https:\/\/blogs2.correiobraziliense.com.br\/vicente\/wp-json\/wp\/v2\/posts\/12592\/revisions"}],"predecessor-version":[{"id":12593,"href":"https:\/\/blogs2.correiobraziliense.com.br\/vicente\/wp-json\/wp\/v2\/posts\/12592\/revisions\/12593"}],"wp:featuredmedia":[{"embeddable":true,"href":"https:\/\/blogs2.correiobraziliense.com.br\/vicente\/wp-json\/wp\/v2\/media\/10489"}],"wp:attachment":[{"href":"https:\/\/blogs2.correiobraziliense.com.br\/vicente\/wp-json\/wp\/v2\/media?parent=12592"}],"wp:term":[{"taxonomy":"category","embeddable":true,"href":"https:\/\/blogs2.correiobraziliense.com.br\/vicente\/wp-json\/wp\/v2\/categories?post=12592"},{"taxonomy":"post_tag","embeddable":true,"href":"https:\/\/blogs2.correiobraziliense.com.br\/vicente\/wp-json\/wp\/v2\/tags?post=12592"}],"curies":[{"name":"wp","href":"https:\/\/api.w.org\/{rel}","templated":true}]}}