{"id":12632,"date":"2020-01-07T19:51:38","date_gmt":"2020-01-07T22:51:38","guid":{"rendered":"https:\/\/blogs2.correiobraziliense.com.br\/vicente\/?p=12632"},"modified":"2020-01-07T19:52:02","modified_gmt":"2020-01-07T22:52:02","slug":"parte-da-ala-militar-do-governo-ja-trabalha-pela-candidatura-de-moro-a-presidencia","status":"publish","type":"post","link":"https:\/\/blogs2.correiobraziliense.com.br\/vicente\/parte-da-ala-militar-do-governo-ja-trabalha-pela-candidatura-de-moro-a-presidencia\/","title":{"rendered":"Parte da ala militar do governo j\u00e1 trabalha pela candidatura de Moro \u00e0 Presid\u00eancia"},"content":{"rendered":"<h2>INGRID SOARES, RENATO SOUZA E VICENTE NUNES<\/h2>\n<h2><\/h2>\n<h2>Sem alarde, mas com muito empenho, uma parte da ala militar que continua no governo j\u00e1 trabalha pela candidatura do ministro da Justi\u00e7a, Sergio Moro, \u00e0 Presid\u00eancia da Rep\u00fablica em 2022. Esses militares t\u00eam certeza de que Moro vai entrar na disputa pelo Planalto, mesmo que o presidente Jair Bolsonaro concorra \u00e0 reelei\u00e7\u00e3o.<\/h2>\n<p>&nbsp;<\/p>\n<p>Nada, por\u00e9m, relacionado a Moro ser\u00e1 definido de forma precipitada. O ministro sabe de seu potencial nas urnas, j\u00e1 conversou sobre isso com alguns amigos muito pr\u00f3ximos, mas se convenceu de que ainda \u00e9 muito cedo para falar do assunto. Mais: n\u00e3o quer ser visto como traidor. O tempo, acredita ele, ser\u00e1 seu aliado.<\/p>\n<p>&nbsp;<\/p>\n<p>Entre os militares que veem Moro como op\u00e7\u00e3o para a Presid\u00eancia da Rep\u00fablica acreditam que Bolsonaro vai se desgastar muito at\u00e9 o in\u00edcio da campanha, porque n\u00e3o consegue domar sua tend\u00eancia a gerar pol\u00eamicas. Num pa\u00eds com tantos problemas, o ocupante do Planalto deve optar pela sensatez. Moro est\u00e1 mais adequado a esse perfil, acreditam.<\/p>\n<p>&nbsp;<\/p>\n<p><strong>Paulo Guedes<\/strong><\/p>\n<p>&nbsp;<\/p>\n<p>Outro ponto importante, segundo os militares: Moro, se candidato e eleito, tender\u00e1 a manter Paulo Guedes no comando do Minist\u00e9rio da Economia. Os dois s\u00e3o muito pr\u00f3ximos, jantam frequentemente em Bras\u00edlia. Foi Guedes quem intermediou a aproxima\u00e7\u00e3o entre Moro e Bolsonaro.<\/p>\n<p>&nbsp;<\/p>\n<p>Com a promessa de Guedes no comando da Economia, ressaltam os militares que defendem Moro na Presid\u00eancia, o ex-juiz ter\u00e1 todo o apoio do mercado financeiro. H\u00e1, inclusive, banqueiros trabalhando na mesma dire\u00e7\u00e3o desses militares para que o ministro da Justi\u00e7a se jogue de vez na pol\u00edtica.<\/p>\n<p>&nbsp;<\/p>\n<p>Todas as pesquisas de popularidade apontam Moro como o l\u00edder mais confi\u00e1vel do pa\u00eds na atualidade. O \u00fanico a ter \u00edndices mais pr\u00f3ximos aos dele \u00e9 o ex-presidente Lula, que os militares querem ver pelas costas. Moro sabe que, com esses indicadores, sai na dianteira de qualquer disputa para o cargo mais importante do pa\u00eds.<\/p>\n<p>&nbsp;<\/p>\n<p><strong>Estocadas<\/strong><\/p>\n<p>&nbsp;<\/p>\n<p>Quem transita pelo Pal\u00e1cio do Planalto admite que Bolsonaro est\u00e1 consciente da possibilidade de Moro sair candidato \u00e0 Presid\u00eancia da Rep\u00fablica. N\u00e3o por acaso, sempre que poss\u00edvel, o presidente faz quest\u00e3o de dar umas estocadas no subordinado. A mais recente, e mais pesada, foi a manuten\u00e7\u00e3o dos ju\u00edzes das garantias no pacote anticrime aprovado pelo Congresso.<\/p>\n<p>&nbsp;<\/p>\n<p>Ali, Moro sentiu o baque, tanto que explicitou publicamente seu descontentamento. O ministro da Justi\u00e7a tamb\u00e9m se conscientizou de que seu sonho de ser ministro do Supremo Tribunal Federal (STF) est\u00e1 cada vez mais longe de ser realizado. Bolsonaro resiste em indic\u00e1-lo. A pr\u00f3xima vaga ser\u00e1 aberta em novembro, com a aposentadoria do ministro Celso de Mello.<\/p>\n<p>&nbsp;<\/p>\n<p>Bolsonaro acredita, por\u00e9m, que pode dobrar Moro, ao tentar convenc\u00ea-lo a ser vice em sua chapa \u00e0 reelei\u00e7\u00e3o. O presidente j\u00e1 disse, diversas vezes, que ele e Moro numa chapa \u00fanica s\u00e3o imbat\u00edveis. Essa tentativa de tirar proveito da popularidade do ministro, que \u00e9 maior do que a do presidente, n\u00e3o sai da cabe\u00e7a dos aliados de Bolsonaro que est\u00e3o se regozijando no poder.<\/p>\n<p>&nbsp;<\/p>\n<p>O presidente conta ainda\u00a0com a popularidade do ministro para tirar do papel seu novo partido, a Alian\u00e7a pelo Brasil, que corre o risco de ficar de fora das elei\u00e7\u00f5es municipais deste ano. Sem candidatos eleitos neste pleito, a sigla perde for\u00e7a para emplacar nomes fortes nas disputas majorit\u00e1rias em 2022.<\/p>\n<p>&nbsp;<\/p>\n<p><strong>Outro lado<\/strong><\/p>\n<p>Procurado pela reportagem, o porta-voz da Presid\u00eancia, Ot\u00e1vio R\u00eago Barros, afirma que o governo n\u00e3o difere entre civis e militares entre seus integrantes. Sobre o fato de uma ala da caserna apoiar uma eventual candidatura de Moro ao Planalto, Barros diz que o pleito de 2002 n\u00e3o \u00e9 assunto de maior import\u00e2ncia no momento.<\/p>\n<p>&nbsp;<\/p>\n<p>\u201cO presidente Bolsonaro vem acompanhando essas quest\u00f5es da montagem de equipe, e \u00e9 com confian\u00e7a que ele administra junto a seus ministros. Quanto a ila\u00e7\u00f5es de que militares poderiam participar, em suporte a qualquer outra autoridade em um eventual pleito eleitoral, n\u00e3o tem a menor considera\u00e7\u00e3o factual no momento que n\u00f3s vivemos\u201d, garante.<\/p>\n<p>&nbsp;<\/p>\n<p><em>Bras\u00edlia, 19h05min<\/em><\/p>\n","protected":false},"excerpt":{"rendered":"<p>INGRID SOARES, RENATO SOUZA E VICENTE NUNES Sem alarde, mas com muito empenho, uma parte da ala militar que continua no governo j\u00e1 trabalha pela candidatura do ministro da Justi\u00e7a, Sergio Moro, \u00e0 Presid\u00eancia da Rep\u00fablica em 2022. Esses militares t\u00eam certeza de que Moro vai entrar na disputa pelo Planalto, mesmo que o presidente [&hellip;]<\/p>\n","protected":false},"author":22,"featured_media":11699,"comment_status":"open","ping_status":"closed","sticky":false,"template":"","format":"standard","meta":{"wpb_read_more":[],"footnotes":""},"categories":[600],"tags":[4344,2554,845,769,2392,92],"class_list":["post-12632","post","type-post","status-publish","format-standard","has-post-thumbnail","hentry","category-economia","tag-4344","tag-bolsonaro","tag-candidatura","tag-militares","tag-moro","tag-presidencia"],"_links":{"self":[{"href":"https:\/\/blogs2.correiobraziliense.com.br\/vicente\/wp-json\/wp\/v2\/posts\/12632","targetHints":{"allow":["GET"]}}],"collection":[{"href":"https:\/\/blogs2.correiobraziliense.com.br\/vicente\/wp-json\/wp\/v2\/posts"}],"about":[{"href":"https:\/\/blogs2.correiobraziliense.com.br\/vicente\/wp-json\/wp\/v2\/types\/post"}],"author":[{"embeddable":true,"href":"https:\/\/blogs2.correiobraziliense.com.br\/vicente\/wp-json\/wp\/v2\/users\/22"}],"replies":[{"embeddable":true,"href":"https:\/\/blogs2.correiobraziliense.com.br\/vicente\/wp-json\/wp\/v2\/comments?post=12632"}],"version-history":[{"count":1,"href":"https:\/\/blogs2.correiobraziliense.com.br\/vicente\/wp-json\/wp\/v2\/posts\/12632\/revisions"}],"predecessor-version":[{"id":12633,"href":"https:\/\/blogs2.correiobraziliense.com.br\/vicente\/wp-json\/wp\/v2\/posts\/12632\/revisions\/12633"}],"wp:featuredmedia":[{"embeddable":true,"href":"https:\/\/blogs2.correiobraziliense.com.br\/vicente\/wp-json\/wp\/v2\/media\/11699"}],"wp:attachment":[{"href":"https:\/\/blogs2.correiobraziliense.com.br\/vicente\/wp-json\/wp\/v2\/media?parent=12632"}],"wp:term":[{"taxonomy":"category","embeddable":true,"href":"https:\/\/blogs2.correiobraziliense.com.br\/vicente\/wp-json\/wp\/v2\/categories?post=12632"},{"taxonomy":"post_tag","embeddable":true,"href":"https:\/\/blogs2.correiobraziliense.com.br\/vicente\/wp-json\/wp\/v2\/tags?post=12632"}],"curies":[{"name":"wp","href":"https:\/\/api.w.org\/{rel}","templated":true}]}}