{"id":12660,"date":"2020-01-10T17:16:02","date_gmt":"2020-01-10T20:16:02","guid":{"rendered":"https:\/\/blogs2.correiobraziliense.com.br\/vicente\/?p=12660"},"modified":"2020-01-10T17:35:07","modified_gmt":"2020-01-10T20:35:07","slug":"bolsonaro-vai-mexer-tambem-com-o-mercado-de-gas-dominado-pelos-milicianos","status":"publish","type":"post","link":"https:\/\/blogs2.correiobraziliense.com.br\/vicente\/bolsonaro-vai-mexer-tambem-com-o-mercado-de-gas-dominado-pelos-milicianos\/","title":{"rendered":"Bolsonaro vai mexer tamb\u00e9m com o mercado de g\u00e1s dominado pelos milicianos?"},"content":{"rendered":"<p>O presidente Jair Bolsonaro defendeu, em uma rede social, o enchimento de g\u00e1s de cozinha em pequenas distribuidoras. E desceu a borduna no setor ao dizer que, \u201cno Brasil, existem poucas engarrafadoras\u201d. Por isso, os pre\u00e7os s\u00e3o t\u00e3o altos. A medida agrada os milicianos, que controlam um naco da venda em comunidades das grandes cidades. O pobre paga a conta.<\/p>\n<p>&nbsp;<\/p>\n<p><a href=\"https:\/\/blogs2.correiobraziliense.com.br\/vicente\/wp-content\/uploads\/sites\/16\/2020\/01\/4B27A0A9-CB02-4444-BD3B-DD4F91A5C37E.jpeg\"><img loading=\"lazy\" decoding=\"async\" class=\"wp-image-12664 alignleft\" src=\"https:\/\/blogs2.correiobraziliense.com.br\/vicente\/wp-content\/uploads\/sites\/16\/2020\/01\/4B27A0A9-CB02-4444-BD3B-DD4F91A5C37E-576x1024.jpeg\" alt=\"\" width=\"303\" height=\"539\" srcset=\"https:\/\/blogs2.correiobraziliense.com.br\/vicente\/wp-content\/uploads\/sites\/16\/2020\/01\/4B27A0A9-CB02-4444-BD3B-DD4F91A5C37E.jpeg 576w, https:\/\/blogs2.correiobraziliense.com.br\/vicente\/wp-content\/uploads\/sites\/16\/2020\/01\/4B27A0A9-CB02-4444-BD3B-DD4F91A5C37E-169x300.jpeg 169w, https:\/\/blogs2.correiobraziliense.com.br\/vicente\/wp-content\/uploads\/sites\/16\/2020\/01\/4B27A0A9-CB02-4444-BD3B-DD4F91A5C37E-197x350.jpeg 197w, https:\/\/blogs2.correiobraziliense.com.br\/vicente\/wp-content\/uploads\/sites\/16\/2020\/01\/4B27A0A9-CB02-4444-BD3B-DD4F91A5C37E-550x978.jpeg 550w, https:\/\/blogs2.correiobraziliense.com.br\/vicente\/wp-content\/uploads\/sites\/16\/2020\/01\/4B27A0A9-CB02-4444-BD3B-DD4F91A5C37E-230x409.jpeg 230w\" sizes=\"auto, (max-width: 303px) 100vw, 303px\" \/><\/a><\/p>\n<p>Nos morros do Borel (Zona Norte) e da Rocinha (Zona Sul), no Rio de Janeiro, estado no qual Bolsonaro construiu sua carreira pol\u00edtica, por exemplo, os milicianos vendem o botij\u00e3o de g\u00e1s por R$ 100 contra a m\u00e9dia de R$ 70 do mercado.<\/p>\n<p>&nbsp;<\/p>\n<p>A regra anunciada pelo presidente tem que valer para todos. Ou esse riqu\u00edssimo mercado paralelo, dominado, em parte, por ex-policiais, continuar\u00e1 surfando na onda da impunidade?<\/p>\n<p>&nbsp;<\/p>\n<p><em>Brasilia, 17h16min<\/em><\/p>\n","protected":false},"excerpt":{"rendered":"<p>O presidente Jair Bolsonaro defendeu, em uma rede social, o enchimento de g\u00e1s de cozinha em pequenas distribuidoras. E desceu a borduna no setor ao dizer que, \u201cno Brasil, existem poucas engarrafadoras\u201d. Por isso, os pre\u00e7os s\u00e3o t\u00e3o altos. A medida agrada os milicianos, que controlam um naco da venda em comunidades das grandes cidades. [&hellip;]<\/p>\n","protected":false},"author":22,"featured_media":12663,"comment_status":"open","ping_status":"closed","sticky":false,"template":"","format":"standard","meta":{"wpb_read_more":[],"footnotes":""},"categories":[600],"tags":[2554,3816,4351,390],"class_list":["post-12660","post","type-post","status-publish","format-standard","has-post-thumbnail","hentry","category-economia","tag-bolsonaro","tag-gas","tag-milicianos","tag-precos"],"_links":{"self":[{"href":"https:\/\/blogs2.correiobraziliense.com.br\/vicente\/wp-json\/wp\/v2\/posts\/12660","targetHints":{"allow":["GET"]}}],"collection":[{"href":"https:\/\/blogs2.correiobraziliense.com.br\/vicente\/wp-json\/wp\/v2\/posts"}],"about":[{"href":"https:\/\/blogs2.correiobraziliense.com.br\/vicente\/wp-json\/wp\/v2\/types\/post"}],"author":[{"embeddable":true,"href":"https:\/\/blogs2.correiobraziliense.com.br\/vicente\/wp-json\/wp\/v2\/users\/22"}],"replies":[{"embeddable":true,"href":"https:\/\/blogs2.correiobraziliense.com.br\/vicente\/wp-json\/wp\/v2\/comments?post=12660"}],"version-history":[{"count":5,"href":"https:\/\/blogs2.correiobraziliense.com.br\/vicente\/wp-json\/wp\/v2\/posts\/12660\/revisions"}],"predecessor-version":[{"id":12668,"href":"https:\/\/blogs2.correiobraziliense.com.br\/vicente\/wp-json\/wp\/v2\/posts\/12660\/revisions\/12668"}],"wp:featuredmedia":[{"embeddable":true,"href":"https:\/\/blogs2.correiobraziliense.com.br\/vicente\/wp-json\/wp\/v2\/media\/12663"}],"wp:attachment":[{"href":"https:\/\/blogs2.correiobraziliense.com.br\/vicente\/wp-json\/wp\/v2\/media?parent=12660"}],"wp:term":[{"taxonomy":"category","embeddable":true,"href":"https:\/\/blogs2.correiobraziliense.com.br\/vicente\/wp-json\/wp\/v2\/categories?post=12660"},{"taxonomy":"post_tag","embeddable":true,"href":"https:\/\/blogs2.correiobraziliense.com.br\/vicente\/wp-json\/wp\/v2\/tags?post=12660"}],"curies":[{"name":"wp","href":"https:\/\/api.w.org\/{rel}","templated":true}]}}