{"id":12670,"date":"2020-01-10T19:01:09","date_gmt":"2020-01-10T22:01:09","guid":{"rendered":"https:\/\/blogs2.correiobraziliense.com.br\/vicente\/?p=12670"},"modified":"2020-01-10T19:32:06","modified_gmt":"2020-01-10T22:32:06","slug":"a-obsessao-de-sergio-moro-ainda-e-o-supremo-tribunal","status":"publish","type":"post","link":"https:\/\/blogs2.correiobraziliense.com.br\/vicente\/a-obsessao-de-sergio-moro-ainda-e-o-supremo-tribunal\/","title":{"rendered":"A obsess\u00e3o de Sergio Moro ainda \u00e9 o Supremo Tribunal"},"content":{"rendered":"<h2>Apesar de uma ala de militares trabalhar silenciosamente \u2014 mas intensamente \u2014 pela <a href=\"https:\/\/blogs2.correiobraziliense.com.br\/vicente\/parte-da-ala-militar-do-governo-ja-trabalha-pela-candidatura-de-moro-a-presidencia\/\">candidatura do ministro<\/a> da Justi\u00e7a, Sergio Moro, \u00e0 Presid\u00eancia da Rep\u00fablica, o ex-juiz ainda dorme e acorda pensando numa vaga para o Supremo Tribunal Federal (STF).<\/h2>\n<p>&nbsp;<\/p>\n<p>Ele acredita que, mesmo diante dos sinais contradit\u00f3rios dados pelo presidente Jair Bolsonaro sobre indica\u00e7\u00f5es para as vagas que abrir\u00e3o no Supremo neste e no pr\u00f3ximo ano, o chefe cumprir\u00e1 a promessa de lhe dar um cargo na mais alta Corte do pa\u00eds.<\/p>\n<p>&nbsp;<\/p>\n<p>Foi com essa promessa que Bolsonaro conseguiu convencer Moro a largar o cargo de juiz para entrar na pol\u00edtica e se transferir para Bras\u00edlia. Aos poucos, por\u00e9m, o presidente passou a sinalizar que tinha outras pretens\u00f5es para o STF, a come\u00e7ar por um ministro &#8220;terrivelmente evang\u00e9lico&#8221;.<\/p>\n<p>&nbsp;<\/p>\n<p><strong>Mapeamento<\/strong><\/p>\n<p>&nbsp;<\/p>\n<p>Seguindo seus planos, Moro mapeia todas as chances de suceder ou o ministros Celso de Mello, neste ano, ou o ministro Marco Aur\u00e9lio Mello, em 2021. Eles ter\u00e3o que se aposentar ao completarem 75 anos de idade. \u00c9 o que manda a lei.<\/p>\n<p>&nbsp;<\/p>\n<p>Mas, caso Bolsonaro n\u00e3o cumpra a promessa, a\u00ed, sim, Moro pode se deixar seduzir pelo apelo que uma ala de militares vem fazendo para que ele saia candidato \u00e0 Presid\u00eancia em 2022. Para esses militares, o pa\u00eds precisa de serenidade, o que n\u00e3o combina com o atual presidente.<\/p>\n<p>&nbsp;<\/p>\n<p>A quem lhe pergunta, o ministro diz que n\u00e3o tem pretens\u00f5es nem para o Supremo nem muito menos para a Presid\u00eancia da Rep\u00fablica. Alega que tem uma miss\u00e3o muito importante a executar \u00e0 frente da pasta da Justi\u00e7a, que passa pela redu\u00e7\u00e3o da viol\u00eancia e pelo combate \u00e0 corrup\u00e7\u00e3o.<\/p>\n<p>&nbsp;<\/p>\n<p><strong>Popularidade<\/strong><\/p>\n<p>&nbsp;<\/p>\n<p>Mas entre o discurso oficial e os desejos internos de Moro h\u00e1 uma grande dist\u00e2ncia. Quem convive de perto com o ministro sabe de suas ambi\u00e7\u00f5es. E garante que, a cada pesquisa de popularidade, ele infla o ego. Pelos levantamentos, Moro \u00e9 a lideran\u00e7a mais confi\u00e1vel do pa\u00eds e, se fosse candidato \u00e0 Presid\u00eancia, seria eleito.<\/p>\n<p>&nbsp;<\/p>\n<p>Moro \u00e9 muito mais popular que o chefe, uma problema para a rela\u00e7\u00e3o entre os dois. Bolsonaro acredita que ainda pode tirar proveito da elevada aprova\u00e7\u00e3o de Moro ao convenc\u00ea-lo a ser vice na sua chapa \u00e0 reelei\u00e7\u00e3o. Para o presidente, a dupla Bolsonaro-Moro seria invenc\u00edvel, com chances de vencer as elei\u00e7\u00f5es de 2022 no primeiro turno.<\/p>\n<p>&nbsp;<\/p>\n<p><em>Bras\u00edlia, 19h01min<\/em><\/p>\n","protected":false},"excerpt":{"rendered":"<p>Apesar de uma ala de militares trabalhar silenciosamente \u2014 mas intensamente \u2014 pela candidatura do ministro da Justi\u00e7a, Sergio Moro, \u00e0 Presid\u00eancia da Rep\u00fablica, o ex-juiz ainda dorme e acorda pensando numa vaga para o Supremo Tribunal Federal (STF). &nbsp; Ele acredita que, mesmo diante dos sinais contradit\u00f3rios dados pelo presidente Jair Bolsonaro sobre indica\u00e7\u00f5es [&hellip;]<\/p>\n","protected":false},"author":22,"featured_media":11699,"comment_status":"open","ping_status":"closed","sticky":false,"template":"","format":"standard","meta":{"wpb_read_more":[],"footnotes":""},"categories":[600],"tags":[2554,2392,92,192,2646],"class_list":["post-12670","post","type-post","status-publish","format-standard","has-post-thumbnail","hentry","category-economia","tag-bolsonaro","tag-moro","tag-presidencia","tag-stf","tag-supremo"],"_links":{"self":[{"href":"https:\/\/blogs2.correiobraziliense.com.br\/vicente\/wp-json\/wp\/v2\/posts\/12670","targetHints":{"allow":["GET"]}}],"collection":[{"href":"https:\/\/blogs2.correiobraziliense.com.br\/vicente\/wp-json\/wp\/v2\/posts"}],"about":[{"href":"https:\/\/blogs2.correiobraziliense.com.br\/vicente\/wp-json\/wp\/v2\/types\/post"}],"author":[{"embeddable":true,"href":"https:\/\/blogs2.correiobraziliense.com.br\/vicente\/wp-json\/wp\/v2\/users\/22"}],"replies":[{"embeddable":true,"href":"https:\/\/blogs2.correiobraziliense.com.br\/vicente\/wp-json\/wp\/v2\/comments?post=12670"}],"version-history":[{"count":1,"href":"https:\/\/blogs2.correiobraziliense.com.br\/vicente\/wp-json\/wp\/v2\/posts\/12670\/revisions"}],"predecessor-version":[{"id":12671,"href":"https:\/\/blogs2.correiobraziliense.com.br\/vicente\/wp-json\/wp\/v2\/posts\/12670\/revisions\/12671"}],"wp:featuredmedia":[{"embeddable":true,"href":"https:\/\/blogs2.correiobraziliense.com.br\/vicente\/wp-json\/wp\/v2\/media\/11699"}],"wp:attachment":[{"href":"https:\/\/blogs2.correiobraziliense.com.br\/vicente\/wp-json\/wp\/v2\/media?parent=12670"}],"wp:term":[{"taxonomy":"category","embeddable":true,"href":"https:\/\/blogs2.correiobraziliense.com.br\/vicente\/wp-json\/wp\/v2\/categories?post=12670"},{"taxonomy":"post_tag","embeddable":true,"href":"https:\/\/blogs2.correiobraziliense.com.br\/vicente\/wp-json\/wp\/v2\/tags?post=12670"}],"curies":[{"name":"wp","href":"https:\/\/api.w.org\/{rel}","templated":true}]}}