{"id":127,"date":"2015-07-04T18:06:00","date_gmt":"2015-07-04T21:06:00","guid":{"rendered":"https:\/\/blogs2.correiobraziliense.com.br\/vicente\/nos_eua_levy_busca_conforto_da_familia\/"},"modified":"2015-07-04T18:06:00","modified_gmt":"2015-07-04T21:06:00","slug":"nos_eua_levy_busca_conforto_da_familia","status":"publish","type":"post","link":"https:\/\/blogs2.correiobraziliense.com.br\/vicente\/nos_eua_levy_busca_conforto_da_familia\/","title":{"rendered":"NOS EUA, LEVY BUSCA CONFORTO DA FAM\u00cdLIA"},"content":{"rendered":"\n<div style=\"font-family: Verdana,Arial,Helvetica,sans-serif\">\u00bb ROSANA HESSEL <\/p>\n<p>O ministro da Fazenda, Joaquim Levy, aproveitou a  viagem aos Estados Unidos com a presidente Dilma Rousseff para descansar com a  fam\u00edlia e se recuperar do susto da embolia pulmonar que o acometeu na semana  passada. Com a mulher e as duas filhas, que vivem em Washington, ele se desligou  da intensa maratona a que tem sido submetido Brasil em favor de um vigoroso  ajuste fiscal, combatido por boa parte do PT, o principal partido da base aliada  do governo. <\/p>\n<p>A perspectiva \u00e9 de que Levy desembarque neste fim de semana no  Brasil. Segundo interlocutores do governo, a preocupa\u00e7\u00e3o de Dilma com a sa\u00fade do  fiador da pol\u00edtica econ\u00f4mica \u00e9 grande. H\u00e1, entre assessores do Pal\u00e1cio do  Planalto, d\u00favidas sobre a participa\u00e7\u00e3o do ministro da comitiva presidencial que  ir\u00e1, na pr\u00f3xima semana, para a cidade de Ufa, na R\u00fassia, onde ser\u00e1 realizada a  reuni\u00e3o de c\u00fapula dos Brics, bloco de pa\u00edses emergentes integrado por Brasil,  R\u00fassia, \u00cdndia, China e \u00c1frica do Sul. O encontro vai de 7 a 10 de julho. <\/p>\n<p>Na  sexta-feira da semana passada, Levy deu um susto no governo, ao ser internado  com suspeita de embolia pulmonar. Ele contrariou as recomenda\u00e7\u00f5es m\u00e9dicas e  pegou um avi\u00e3o comercial no s\u00e1bado para os Estados Unidos, onde se juntou \u00e0  comitiva de Dilma, numa pesada agenda em Nova York e em Washington, que inclu\u00eda  encontro com o presidente norte-americano, Barack Obama. <\/p>\n<p>O m\u00e9dico pessoal do  ministro, o pneumologista Arthur Vianna, contou que desaconselhou a viagem aos  EUA. \u201cN\u00e3o era recomend\u00e1vel que ele fizesse uma viagem t\u00e3o longa\u201d, disse,  confessando que ficou preocupado com o fato de n\u00e3o ter sido ouvido. \u201cO ministro  estava com uma mochila de 30 quilos nas costas. Eu avisei para ele n\u00e3o viajar. O  m\u00e9dico \u00e9 um consultor. A gente fala para n\u00e3o fazer, mas nem sempre o paciente  obedece\u201d, completou. <\/p>\n<p>Riscos <\/p>\n<p>Vianna e amigos de Levy ficaram mais tranquilos  quando ele n\u00e3o seguiu com Dilma para San Francisco, na Calif\u00f3rnia, na  quarta-feira, e permaneceu em Washington descansando com a fam\u00edlia. Segundo  pessoas pr\u00f3ximas, o ministro estava bem disposto ontem. \u201c\u00c9 bom ficar com a  fam\u00edlia. Isso ajuda na recupera\u00e7\u00e3o\u201d, disse o m\u00e9dico, que conversou com o  paciente por telefone na quinta-feira e ressaltou que n\u00e3o foi necess\u00e1rio que ele  fizesse mais exames nos EUA. <\/p>\n<p>\u201cA volta de Levy para o Brasil deve ser mais  calma. Ele est\u00e1 sob efeito de anticoagulante. O importante \u00e9 que ele se  movimente de hora em hora e tome bastante l\u00edquido durante o voo\u201d, explicou  Vianna. No entanto, o especialista reconhece que \u201csempre h\u00e1 riscos\u201d no caso de  embolia. At\u00e9 o fechamento desta edi\u00e7\u00e3o, a assessoria do ministro n\u00e3o havia  confirmado a data da volta dele ao Brasil. <\/p>\n<p>Levy \u00e9 pe\u00e7a central dentro do  governo Dilma, cuja popularidade despencou para apenas 9%. Na avalia\u00e7\u00e3o de  especialistas, o chefe da equipe econ\u00f4mica \u00e9 um dos poucos ministros com  credibilidade entre os investidores, por mostrar disposi\u00e7\u00e3o para corrigir os  erros cometidos por Dilma no primeiro mandato. \u201cA sa\u00edda de Levy do governo, por  qualquer motivo, desencadearia o rebaixamento do pa\u00eds pelas ag\u00eancias de risco  apenas 30 minutos ap\u00f3s o an\u00fancio\u201d, afirmou um economista ligado ao setor  financeiro. <\/p>\n<p>O titular da Fazenda tem um ritmo fren\u00e9tico de trabalho, que  poucos conseguem acompanhar. Levy j\u00e1 est\u00e1 com o seu terceiro chefe de gabinete e  com o terceiro assessor chefiando o atendimento \u00e0 imprensa. Quem tem audi\u00eancia  com ele fica horas a fio esperando. Uma pessoa que havia marcado conversa para  as 15h foi atendida depois das 23h. E ouviu do ministro: \u201cEsta \u00e9 minha \u00faltima  reuni\u00e3o do dia. Agora, vou come\u00e7ar a trabalhar.\u201d Levy costuma chegar por volta  das 8h30 em seu gabinete e sair de madrugada.<\/p><\/div>\n<div style=\"font-family: Verdana,Arial,Helvetica,sans-serif\">&nbsp; <\/p>\n<p>Bras\u00edlia, 18h08min<\/p><\/div>\n","protected":false},"excerpt":{"rendered":"<p>\u00bb ROSANA HESSEL O ministro da Fazenda, Joaquim Levy, aproveitou a viagem aos Estados Unidos com a presidente Dilma Rousseff para descansar com a fam\u00edlia e se recuperar do susto da embolia pulmonar que o acometeu na semana passada. Com a mulher e as duas filhas, que vivem em Washington, ele se desligou da intensa [&hellip;]<\/p>\n","protected":false},"author":22,"featured_media":0,"comment_status":"open","ping_status":"open","sticky":false,"template":"","format":"standard","meta":{"wpb_read_more":[],"footnotes":""},"categories":[1],"tags":[],"class_list":["post-127","post","type-post","status-publish","format-standard","hentry","category-sem-categoria"],"_links":{"self":[{"href":"https:\/\/blogs2.correiobraziliense.com.br\/vicente\/wp-json\/wp\/v2\/posts\/127","targetHints":{"allow":["GET"]}}],"collection":[{"href":"https:\/\/blogs2.correiobraziliense.com.br\/vicente\/wp-json\/wp\/v2\/posts"}],"about":[{"href":"https:\/\/blogs2.correiobraziliense.com.br\/vicente\/wp-json\/wp\/v2\/types\/post"}],"author":[{"embeddable":true,"href":"https:\/\/blogs2.correiobraziliense.com.br\/vicente\/wp-json\/wp\/v2\/users\/22"}],"replies":[{"embeddable":true,"href":"https:\/\/blogs2.correiobraziliense.com.br\/vicente\/wp-json\/wp\/v2\/comments?post=127"}],"version-history":[{"count":0,"href":"https:\/\/blogs2.correiobraziliense.com.br\/vicente\/wp-json\/wp\/v2\/posts\/127\/revisions"}],"wp:attachment":[{"href":"https:\/\/blogs2.correiobraziliense.com.br\/vicente\/wp-json\/wp\/v2\/media?parent=127"}],"wp:term":[{"taxonomy":"category","embeddable":true,"href":"https:\/\/blogs2.correiobraziliense.com.br\/vicente\/wp-json\/wp\/v2\/categories?post=127"},{"taxonomy":"post_tag","embeddable":true,"href":"https:\/\/blogs2.correiobraziliense.com.br\/vicente\/wp-json\/wp\/v2\/tags?post=127"}],"curies":[{"name":"wp","href":"https:\/\/api.w.org\/{rel}","templated":true}]}}