{"id":12709,"date":"2020-01-14T18:22:10","date_gmt":"2020-01-14T21:22:10","guid":{"rendered":"https:\/\/blogs2.correiobraziliense.com.br\/vicente\/?p=12709"},"modified":"2020-01-15T20:51:21","modified_gmt":"2020-01-15T23:51:21","slug":"policia-indicia-ex-presidente-do-pros-por-lesao-corporal","status":"publish","type":"post","link":"https:\/\/blogs2.correiobraziliense.com.br\/vicente\/policia-indicia-ex-presidente-do-pros-por-lesao-corporal\/","title":{"rendered":"Pol\u00edcia indicia ex-presidente do Pros por les\u00e3o corporal"},"content":{"rendered":"<h2>RENATO SOUZA<\/h2>\n<h2><\/h2>\n<h2>A Pol\u00edcia Civil indiciou, nesta ter\u00e7a-feira (14\/01), o ex-presidente do Partido Republicano da Ordem Social (Pros) Eur\u00edpedes J\u00fanior por les\u00e3o corporal. Ele \u00e9 acusado de agredir a pr\u00f3pria filha, Rebecca Macedo, de 19 anos, na sede do partido. O delegado Cristiom\u00e1rio Medeiros, da Delegacia de Pol\u00edcia de Planaltina de Goi\u00e1s enviou o inqu\u00e9rito para a Pol\u00edcia Civil.<\/h2>\n<p>&nbsp;<\/p>\n<p>Eur\u00edpedes deveria ter prestado depoimento na segunda (13\/01), mas n\u00e3o compareceu. Em uma peti\u00e7\u00e3o enviada pela defesa, Eur\u00edpedes informa que n\u00e3o foi para a oitiva por conta de um compromisso em Bras\u00edlia, e disse que vai se manter em sil\u00eancio. Na pe\u00e7a, Eur\u00edpedes pede a suspei\u00e7\u00e3o do delegado, para que ele seja afastado do caso, por ser seu inimigo capital e, &#8220;inclusive, ter sugerido sua pris\u00e3o&#8221;.<\/p>\n<p>&nbsp;<\/p>\n<p>Ao <strong>Blog<\/strong>, Cristiom\u00e1rio afirmou que n\u00e3o se considera inimigo de Eur\u00edpedes. &#8220;Ele cometeu um crime capital. Cabe \u00e0 pol\u00edcia fazer seu papel, e investigar. Suspei\u00e7\u00e3o de delegado n\u00e3o existe. Essas alega\u00e7\u00f5es devem ser feitas na Justi\u00e7a&#8221;, disse. No relat\u00f3rio, o delegado afirma que, al\u00e9m das agress\u00f5es previstas na Lei Maria da Penha, o pol\u00edtico tamb\u00e9m cometeu o delito de exerc\u00edcio arbitr\u00e1rio das pr\u00f3prias raz\u00f5es&#8221;, pois, depois de agredir a filha, teria tomado a for\u00e7a o carro que estava em poder dela.<\/p>\n<p>&nbsp;<\/p>\n<p><strong>Tapas e pontap\u00e9s<\/strong><\/p>\n<p>&nbsp;<\/p>\n<p>Em depoimento \u00e0 pol\u00edcia, Rebecca afirmou que se encontrou com o pai no escrit\u00f3rio dele, em Planaltina de Goi\u00e1s. Chegando l\u00e1, Eur\u00edpedes pediu o carro dela, pelo qual se dispunha a pagar R$ 15 mil. Ela contou n\u00e3o ter aceitado a proposta e sa\u00eddo do local. No entanto, o pol\u00edtico teria ido atr\u00e1s da filha, tomado a chave do ve\u00edculo e a agredido com tapas e pontap\u00e9s.<\/p>\n<p>&nbsp;<\/p>\n<p>A jovem afirmou ainda que foi jogada no ch\u00e3o por Eur\u00edpedes e que ele levou o carro e jogou as coisas dela pela janela. A ocorr\u00eancia foi registrada em Goi\u00e1s e no Distrito Federal.<\/p>\n<p>&nbsp;<\/p>\n<p>Eur\u00edpedes est\u00e1 no centro de um suposto esquema de corrup\u00e7\u00e3o no Pros. A Executiva Nacional do Pros decidiu, no s\u00e1bado (11\/01), destitu\u00ed-lo do cargo de presidente da legenda e suspender a sua filia\u00e7\u00e3o por tr\u00eas meses.<\/p>\n<p>&nbsp;<\/p>\n<p>No entanto, seus advogados alegam que a remo\u00e7\u00e3o dele do posto n\u00e3o tem validade legal. A reuni\u00e3o para tratar do assunto, realizada na sede do partido, no Lago Sul, terminou em confus\u00e3o, como revelou o <strong>Correio<\/strong>. O secret\u00e1rio do partido, que integra o grupo que se op\u00f5e a Eur\u00edpedes, acusou um funcion\u00e1rio de tentar atropel\u00e1-lo a mando do ex-dirigente.<\/p>\n<p>&nbsp;<\/p>\n<p><strong>Infra\u00e7\u00f5es disciplinares<\/strong><\/p>\n<p>&nbsp;<\/p>\n<p>Eur\u00edpedes foi deposto da gest\u00e3o da sigla por &#8220;diversas infra\u00e7\u00f5es disciplinares, especialmente por desviar recursos partid\u00e1rios e negociar a legenda em evidente preju\u00edzo do partido e para auferir vantagens financeiras e pessoais&#8221;, de acordo com a certid\u00e3o de suspens\u00e3o.<\/p>\n<p>&nbsp;<\/p>\n<p>Ainda no cargo, ele foi alvo de uma s\u00e9rie de reportagens do <strong>Correio<\/strong> em 2017. Na \u00e9poca, Eur\u00edpedes foi acusado de utilizar o dinheiro p\u00fablico para a compra de um helic\u00f3ptero, mans\u00f5es, um avi\u00e3o bimotor e de contratar funcion\u00e1rios terceirizados por meio de empresas de parentes com o dinheiro p\u00fablico.<\/p>\n<p>&nbsp;<\/p>\n<p>Ao menos quatro den\u00fancias contra Eur\u00edpedes foram apresentadas pelo Minist\u00e9rio P\u00fablico Federal (MPF). Uma delas se refere ao helic\u00f3ptero da fabricante Robinson, modelo R-66, prefixo PP-CHF, avaliado em R$ 2,8 milh\u00f5es, que \u00e9 utilizado para os deslocamentos do ex-vereador da cidade de Planaltina de Goi\u00e1s, local onde o Pros foi fundado, at\u00e9 uma casa pertencente \u00e0 legenda, no Lago Sul. Essa den\u00fancia \u00e9 um dos argumentos usados pela Executiva Nacional do Pros para afast\u00e1-lo da presid\u00eancia do partido.<\/p>\n<p>&nbsp;<\/p>\n<p>Em 2018, Eur\u00edpedes foi alvo da Pol\u00edcia Federal. A pris\u00e3o dele foi decretada na Opera\u00e7\u00e3o Partialis, deflagrada para combater o desvio de recursos p\u00fablicos na aquisi\u00e7\u00e3o de gases medicinais em Bras\u00edlia e no Par\u00e1. De acordo com a PF, os envolvidos no esquema investigado pela opera\u00e7\u00e3o desviaram R$ 2 milh\u00f5es em contratos com o setor p\u00fablico. Ele passou cinco dias foragido at\u00e9 se apresentar \u00e0 superintend\u00eancia da corpora\u00e7\u00e3o, em Bras\u00edlia.<\/p>\n<p>&nbsp;<\/p>\n<p><em>Bras\u00edlia, 17h10min<\/em><\/p>\n","protected":false},"excerpt":{"rendered":"<p>RENATO SOUZA A Pol\u00edcia Civil indiciou, nesta ter\u00e7a-feira (14\/01), o ex-presidente do Partido Republicano da Ordem Social (Pros) Eur\u00edpedes J\u00fanior por les\u00e3o corporal. Ele \u00e9 acusado de agredir a pr\u00f3pria filha, Rebecca Macedo, de 19 anos, na sede do partido. O delegado Cristiom\u00e1rio Medeiros, da Delegacia de Pol\u00edcia de Planaltina de Goi\u00e1s enviou o inqu\u00e9rito [&hellip;]<\/p>\n","protected":false},"author":22,"featured_media":12710,"comment_status":"open","ping_status":"closed","sticky":false,"template":"","format":"standard","meta":{"wpb_read_more":[],"footnotes":""},"categories":[600],"tags":[2536,4374,4353,819,2498,3358],"class_list":["post-12709","post","type-post","status-publish","format-standard","has-post-thumbnail","hentry","category-economia","tag-agressao","tag-euripedes","tag-filha","tag-indiciamento","tag-policia","tag-pros"],"_links":{"self":[{"href":"https:\/\/blogs2.correiobraziliense.com.br\/vicente\/wp-json\/wp\/v2\/posts\/12709","targetHints":{"allow":["GET"]}}],"collection":[{"href":"https:\/\/blogs2.correiobraziliense.com.br\/vicente\/wp-json\/wp\/v2\/posts"}],"about":[{"href":"https:\/\/blogs2.correiobraziliense.com.br\/vicente\/wp-json\/wp\/v2\/types\/post"}],"author":[{"embeddable":true,"href":"https:\/\/blogs2.correiobraziliense.com.br\/vicente\/wp-json\/wp\/v2\/users\/22"}],"replies":[{"embeddable":true,"href":"https:\/\/blogs2.correiobraziliense.com.br\/vicente\/wp-json\/wp\/v2\/comments?post=12709"}],"version-history":[{"count":3,"href":"https:\/\/blogs2.correiobraziliense.com.br\/vicente\/wp-json\/wp\/v2\/posts\/12709\/revisions"}],"predecessor-version":[{"id":12754,"href":"https:\/\/blogs2.correiobraziliense.com.br\/vicente\/wp-json\/wp\/v2\/posts\/12709\/revisions\/12754"}],"wp:featuredmedia":[{"embeddable":true,"href":"https:\/\/blogs2.correiobraziliense.com.br\/vicente\/wp-json\/wp\/v2\/media\/12710"}],"wp:attachment":[{"href":"https:\/\/blogs2.correiobraziliense.com.br\/vicente\/wp-json\/wp\/v2\/media?parent=12709"}],"wp:term":[{"taxonomy":"category","embeddable":true,"href":"https:\/\/blogs2.correiobraziliense.com.br\/vicente\/wp-json\/wp\/v2\/categories?post=12709"},{"taxonomy":"post_tag","embeddable":true,"href":"https:\/\/blogs2.correiobraziliense.com.br\/vicente\/wp-json\/wp\/v2\/tags?post=12709"}],"curies":[{"name":"wp","href":"https:\/\/api.w.org\/{rel}","templated":true}]}}