{"id":12731,"date":"2020-01-15T07:46:45","date_gmt":"2020-01-15T10:46:45","guid":{"rendered":"https:\/\/blogs2.correiobraziliense.com.br\/vicente\/?p=12731"},"modified":"2020-01-15T14:59:19","modified_gmt":"2020-01-15T17:59:19","slug":"enfim-a-recuperacao-de-um-cartao-postal-do-rio","status":"publish","type":"post","link":"https:\/\/blogs2.correiobraziliense.com.br\/vicente\/enfim-a-recuperacao-de-um-cartao-postal-do-rio\/","title":{"rendered":"Enfim, a recupera\u00e7\u00e3o de um cart\u00e3o postal do Rio"},"content":{"rendered":"<h2>ANDR\u00c9 PHELIPE<\/h2>\n<h2><\/h2>\n<h2>O Secret\u00e1rio Municipal de Meio Ambiente do Rio, Bernardo Egas, d\u00e1 in\u00edcio, nesta semana, \u00e0 revitaliza\u00e7\u00e3o da Lagoa Rodrigo de Freitas. As obras come\u00e7ar\u00e3o pelos sete decks do entorno do espelho d\u2019\u00e1gua com a substitui\u00e7\u00e3o da madeira apodrecida e a reconstru\u00e7\u00e3o de guarda-corpo para prote\u00e7\u00e3o dos usu\u00e1rios.<\/h2>\n<p>&nbsp;<\/p>\n<p>O in\u00edcio do cronograma do programa de revitaliza\u00e7\u00e3o da Lagoa Rodrigo de Freitas ser\u00e1 desenvolvido em quatro etapas, que, ao final, incorporar\u00e1 um projeto de despolui\u00e7\u00e3o do local, um dos principais cart\u00f5es postais do Rio.<\/p>\n<p>&nbsp;<\/p>\n<p>Para garantir o financiamento da quarta fase, estimada em R$ 100 milh\u00f5es, Egas participou, em dezembro, da COP 25, confer\u00eancia das Na\u00e7\u00f5es Unidas em Madri, e firmou conv\u00eanio com o R-20 (Regions of Climate Action), ONG fundada em 2011 por Arnold Schwarzenegger, em parceria com outras institui\u00e7\u00f5es, como ONU, empresas de tecnologias limpas e centros acad\u00eamicos, que t\u00eam por o objetivo auxiliar no desenvolvimento de projetos voltados para o Meio Ambiente ao redor do mundo. Por meio desse acordo, a secretaria de Meio Ambiente pretende captar fundos internacionais voltados para a prote\u00e7\u00e3o ambiental.<\/p>\n<p>&nbsp;<\/p>\n<p><strong>Integra\u00e7\u00e3o<\/strong><\/p>\n<p>&nbsp;<\/p>\n<p>Nesta etapa, o secret\u00e1rio tem a previs\u00e3o de iniciar as obras de despolui\u00e7\u00e3o das \u00e1guas com a implanta\u00e7\u00e3o do projeto concebido pelo engenheiro Paulo Cesar Rosman, professor da COPPE\/UFRJ. O plano ampliar\u00e1 a liga\u00e7\u00e3o do mar com a Lagoa, por meio de dutos, aproveitando o movimento das mar\u00e9s.<\/p>\n<p>&nbsp;<\/p>\n<p>A primeira fase do programa ser\u00e1 a consolida\u00e7\u00e3o de v\u00e1rias \u00e1reas de conserva\u00e7\u00e3o num Mosaico da Lagoa, cujo conselho gestor ter\u00e1 a participa\u00e7\u00e3o dos moradores. A segunda etapa s\u00e3o as obras para a reforma dos decks. E, na terceira, uma grande for\u00e7a tarefa integrada pela Secretaria e pela Rio-\u00c1guas utilizar\u00e1 rob\u00f4s para inspecionar a rede de drenagem no entorno da Lagoa a fim de flagrar despejos irregulares de esgoto no local.<\/p>\n<p>&nbsp;<\/p>\n<p><em>Bras\u00edlia, 07h46min<\/em><\/p>\n","protected":false},"excerpt":{"rendered":"<p>ANDR\u00c9 PHELIPE O Secret\u00e1rio Municipal de Meio Ambiente do Rio, Bernardo Egas, d\u00e1 in\u00edcio, nesta semana, \u00e0 revitaliza\u00e7\u00e3o da Lagoa Rodrigo de Freitas. As obras come\u00e7ar\u00e3o pelos sete decks do entorno do espelho d\u2019\u00e1gua com a substitui\u00e7\u00e3o da madeira apodrecida e a reconstru\u00e7\u00e3o de guarda-corpo para prote\u00e7\u00e3o dos usu\u00e1rios. &nbsp; O in\u00edcio do cronograma do [&hellip;]<\/p>\n","protected":false},"author":22,"featured_media":0,"comment_status":"open","ping_status":"closed","sticky":false,"template":"","format":"standard","meta":{"wpb_read_more":[],"footnotes":""},"categories":[600],"tags":[4377,460,136,4378],"class_list":["post-12731","post","type-post","status-publish","format-standard","hentry","category-economia","tag-lagoa","tag-meio-ambiente","tag-recuperacao","tag-rodrigo-de-freitas"],"_links":{"self":[{"href":"https:\/\/blogs2.correiobraziliense.com.br\/vicente\/wp-json\/wp\/v2\/posts\/12731","targetHints":{"allow":["GET"]}}],"collection":[{"href":"https:\/\/blogs2.correiobraziliense.com.br\/vicente\/wp-json\/wp\/v2\/posts"}],"about":[{"href":"https:\/\/blogs2.correiobraziliense.com.br\/vicente\/wp-json\/wp\/v2\/types\/post"}],"author":[{"embeddable":true,"href":"https:\/\/blogs2.correiobraziliense.com.br\/vicente\/wp-json\/wp\/v2\/users\/22"}],"replies":[{"embeddable":true,"href":"https:\/\/blogs2.correiobraziliense.com.br\/vicente\/wp-json\/wp\/v2\/comments?post=12731"}],"version-history":[{"count":1,"href":"https:\/\/blogs2.correiobraziliense.com.br\/vicente\/wp-json\/wp\/v2\/posts\/12731\/revisions"}],"predecessor-version":[{"id":12732,"href":"https:\/\/blogs2.correiobraziliense.com.br\/vicente\/wp-json\/wp\/v2\/posts\/12731\/revisions\/12732"}],"wp:attachment":[{"href":"https:\/\/blogs2.correiobraziliense.com.br\/vicente\/wp-json\/wp\/v2\/media?parent=12731"}],"wp:term":[{"taxonomy":"category","embeddable":true,"href":"https:\/\/blogs2.correiobraziliense.com.br\/vicente\/wp-json\/wp\/v2\/categories?post=12731"},{"taxonomy":"post_tag","embeddable":true,"href":"https:\/\/blogs2.correiobraziliense.com.br\/vicente\/wp-json\/wp\/v2\/tags?post=12731"}],"curies":[{"name":"wp","href":"https:\/\/api.w.org\/{rel}","templated":true}]}}