{"id":12758,"date":"2020-01-16T10:15:57","date_gmt":"2020-01-16T13:15:57","guid":{"rendered":"https:\/\/blogs2.correiobraziliense.com.br\/vicente\/?p=12758"},"modified":"2020-01-16T11:47:03","modified_gmt":"2020-01-16T14:47:03","slug":"helicoptero-faz-pouso-forcado-faria-lima-coracao-financeiro-do-pais","status":"publish","type":"post","link":"https:\/\/blogs2.correiobraziliense.com.br\/vicente\/helicoptero-faz-pouso-forcado-faria-lima-coracao-financeiro-do-pais\/","title":{"rendered":"Helic\u00f3ptero faz pouso for\u00e7ado na Faria Lima, cora\u00e7\u00e3o financeiro do pa\u00eds"},"content":{"rendered":"<h2>Operadores do mercado financeiro levaram um susto por volta das 10h da manh\u00e3 desta quinta-feira (16\/01). Um helic\u00f3ptero teve que fazer um pouco for\u00e7ado em cima do pr\u00e9dio do Banco Ita\u00fa, que fica na Avenida Faria Lima, em S\u00e3o Paulo, cora\u00e7\u00e3o financeiro do pa\u00eds.<\/h2>\n<p>&nbsp;<\/p>\n<p>Segundo relatos ouvidos pelo <strong>Blog<\/strong>, o helic\u00f3ptero come\u00e7ou a perder altitude rapidamente, quase bateu nas janelas de um pr\u00e9dio, mas o piloto conseguiu pousar sem maiores danos e sem feridos quase na ponta do pr\u00e9dio do Ita\u00fa, que \u00e9 mais baixo que os demais.<\/p>\n<p>&nbsp;<\/p>\n<p>&#8220;Foi um susto grande. Quando o helic\u00f3ptero passou pr\u00f3ximo ao vidro do nosso andar, virou para cair em cima do pr\u00e9dio do Ita\u00fa. Felizmente, n\u00e3o houve feridos&#8221;, conta a financista Kelly Possebon, que trabalha no edif\u00edcio em frente.<\/p>\n<p>&nbsp;<\/p>\n<p>https:\/\/youtube.com\/watch?v=a5EvpSGRqDA<\/p>\n<p>&nbsp;<\/p>\n<p>Pelo v\u00eddeo que circula nas redes sociais e ao qual o B<strong>log<\/strong> teve acesso, o helic\u00f3ptero poderia ter feito um grande estrago. O helic\u00f3ptero \u00e9 da marca Robinson, modelo que registra o maior n\u00famero de acidentes no mundo.<\/p>\n<p>&nbsp;<\/p>\n<p>Em S\u00e3o Paulo, \u00e9 enorme o fluxo de helic\u00f3pteros, por causa das dificuldades no tr\u00e2nsito. A cidade tem uma das maiores frotas dessas aeronaves do mundo, competindo de perto com Nova York e T\u00f3quio.<\/p>\n<p>&nbsp;<\/p>\n<p><em>Bras\u00edlia, 10h15min<\/em><\/p>\n","protected":false},"excerpt":{"rendered":"<p>Operadores do mercado financeiro levaram um susto por volta das 10h da manh\u00e3 desta quinta-feira (16\/01). Um helic\u00f3ptero teve que fazer um pouco for\u00e7ado em cima do pr\u00e9dio do Banco Ita\u00fa, que fica na Avenida Faria Lima, em S\u00e3o Paulo, cora\u00e7\u00e3o financeiro do pa\u00eds. &nbsp; Segundo relatos ouvidos pelo Blog, o helic\u00f3ptero come\u00e7ou a perder [&hellip;]<\/p>\n","protected":false},"author":22,"featured_media":12762,"comment_status":"open","ping_status":"closed","sticky":false,"template":"","format":"standard","meta":{"wpb_read_more":[],"footnotes":""},"categories":[600],"tags":[4387,4385,4386],"class_list":["post-12758","post","type-post","status-publish","format-standard","has-post-thumbnail","hentry","category-economia","tag-faria-lima","tag-helicoptero","tag-pouco-forcado"],"_links":{"self":[{"href":"https:\/\/blogs2.correiobraziliense.com.br\/vicente\/wp-json\/wp\/v2\/posts\/12758","targetHints":{"allow":["GET"]}}],"collection":[{"href":"https:\/\/blogs2.correiobraziliense.com.br\/vicente\/wp-json\/wp\/v2\/posts"}],"about":[{"href":"https:\/\/blogs2.correiobraziliense.com.br\/vicente\/wp-json\/wp\/v2\/types\/post"}],"author":[{"embeddable":true,"href":"https:\/\/blogs2.correiobraziliense.com.br\/vicente\/wp-json\/wp\/v2\/users\/22"}],"replies":[{"embeddable":true,"href":"https:\/\/blogs2.correiobraziliense.com.br\/vicente\/wp-json\/wp\/v2\/comments?post=12758"}],"version-history":[{"count":3,"href":"https:\/\/blogs2.correiobraziliense.com.br\/vicente\/wp-json\/wp\/v2\/posts\/12758\/revisions"}],"predecessor-version":[{"id":12761,"href":"https:\/\/blogs2.correiobraziliense.com.br\/vicente\/wp-json\/wp\/v2\/posts\/12758\/revisions\/12761"}],"wp:featuredmedia":[{"embeddable":true,"href":"https:\/\/blogs2.correiobraziliense.com.br\/vicente\/wp-json\/wp\/v2\/media\/12762"}],"wp:attachment":[{"href":"https:\/\/blogs2.correiobraziliense.com.br\/vicente\/wp-json\/wp\/v2\/media?parent=12758"}],"wp:term":[{"taxonomy":"category","embeddable":true,"href":"https:\/\/blogs2.correiobraziliense.com.br\/vicente\/wp-json\/wp\/v2\/categories?post=12758"},{"taxonomy":"post_tag","embeddable":true,"href":"https:\/\/blogs2.correiobraziliense.com.br\/vicente\/wp-json\/wp\/v2\/tags?post=12758"}],"curies":[{"name":"wp","href":"https:\/\/api.w.org\/{rel}","templated":true}]}}