{"id":12767,"date":"2020-01-16T16:20:17","date_gmt":"2020-01-16T19:20:17","guid":{"rendered":"https:\/\/blogs2.correiobraziliense.com.br\/vicente\/?p=12767"},"modified":"2020-01-17T16:20:49","modified_gmt":"2020-01-17T19:20:49","slug":"japoneses-abrem-mao-de-contratos-milionarios-com-o-governo-por-medo-de-corrupcao","status":"publish","type":"post","link":"https:\/\/blogs2.correiobraziliense.com.br\/vicente\/japoneses-abrem-mao-de-contratos-milionarios-com-o-governo-por-medo-de-corrupcao\/","title":{"rendered":"Japoneses abrem m\u00e3o de contratos milion\u00e1rios com o governo por medo de corrup\u00e7\u00e3o"},"content":{"rendered":"<h2>RENATO SOUZA<\/h2>\n<h2><\/h2>\n<h2>Uma das maiores empresas de comunica\u00e7\u00e3o digital do pa\u00eds, a Isobar, controlada pelo grupo japon\u00eas DAN, decidiu abrir m\u00e3o de contratos milion\u00e1rios com o governo e empresas estatais temendo se envolver com corrup\u00e7\u00e3o. A Isobar tem contratos com a Secretaria de Comunica\u00e7\u00e3o da Presid\u00eancia da Rep\u00fablica (Secom), que est\u00e1 no meio de den\u00fancia de favorecimento do secret\u00e1rio F\u00e1bio Wajngarten, e com o Banco do Brasil.<\/h2>\n<p>&nbsp;<\/p>\n<p>A determina\u00e7\u00e3o dos japoneses \u00e9 encerrar as atividades em Bras\u00edlia at\u00e9 mar\u00e7o deste ano. E a demiss\u00e3o de funcion\u00e1rios j\u00e1 est\u00e1 a caminho. Os japoneses ficaram assustados com o submundo do governo e com as negociatas propostas por gente do alto escal\u00e3o. &#8220;Hoje, pela manh\u00e3, informaram que a empresa n\u00e3o vai manter nem renovar os contratos que tem com o governo. N\u00e3o deram muitos detalhes&#8221;, revelou um colaborador. Nos bastidores, a pressa com que os desligamentos foram comunicados soam como a preven\u00e7\u00e3o de uma crise.<\/p>\n<p>&nbsp;<\/p>\n<p>O contrato da Isobar com a Secom era, inicialmente, de R$ 44 milh\u00f5es. Mas, com um desconto de 25%, ficou em R$ 33 milh\u00f5es e acaba em mar\u00e7o.\u00a0A decis\u00e3o da empresa deixa o Planalto em uma situa\u00e7\u00e3o complicada para repor o servi\u00e7o, que precisa passar por uma nova licita\u00e7\u00e3o para o setor de comunica\u00e7\u00e3o.\u00a0 Por meio de sua subsidi\u00e1ria, a MKTG, o grupo venceu, recentemente, uma licita\u00e7\u00e3o do Banco do Brasil para cuidar de a\u00e7\u00f5es promocionais da institui\u00e7\u00e3o. A rela\u00e7\u00e3o entre a Isobar e o BB \u00e9 antiga.<\/p>\n<p>&nbsp;<\/p>\n<p><strong>Compliance<\/strong><\/p>\n<p>&nbsp;<\/p>\n<p>O grupo japon\u00eas DAN atua em quase todo o mundo. E, segundo pessoas que j\u00e1 trabalharam na empresa, a decis\u00e3o de se afastar de contratos ligados a governos e a estatais tem a ver com compliance. Ou seja, n\u00e3o quer se arriscar com qualquer tipo de neg\u00f3cio que possa levantar suspeitas.<\/p>\n<p>&nbsp;<\/p>\n<p>A Isobar nasceu como Midialog, em 1992, pelas m\u00e3os do baiano Pedro Cabral, que tinha como s\u00f3cios investidores Rodrigo S\u00e1 Menezes e Haroldo Cardoso, donos da Propeg, uma das maiores ag\u00eancias de publicidade do pa\u00eds. Com a entrada de novos s\u00f3cios, a Midialog passou a se chamar MidiaClick. Em 2007, j\u00e1 como Ag\u00eancia Click, foi comprada pela Isobar, absorvida, anos depois japoneses.<\/p>\n<p>&nbsp;<\/p>\n<p><strong>Outro lado<\/strong><\/p>\n<p>&nbsp;<\/p>\n<p>Nesta sexta-feira (17\/10), a Isobar encaminhou ao Blog a seguinte nota:<\/p>\n<p><em>Est\u00e3o sendo encerradas as opera\u00e7\u00f5es cujos contratos est\u00e3o chegando ao fim. N\u00e3o faz parte dos planos da Isobar se afastar do governo. O contrato com a Secom envolve 35 pessoas, que seguem trabalhando at\u00e9 o final de contrato, em mar\u00e7o. A decis\u00e3o est\u00e1 relacionada ao t\u00e9rmino com o atual contrato com a Secom, assim como aconteceu com o contrato do Banco do Brasil, que j\u00e1 havia sido encerrado. Nesse momento, estamos encerrando uma opera\u00e7\u00e3o cujos contratos est\u00e3o em t\u00e9rmino. E estamos abertos a avaliar a entrada de novas licita\u00e7\u00f5es futuramente.&#8221;<\/em><\/p>\n<p>&nbsp;<\/p>\n<p><em>Bras\u00edlia, 16h20min, atualizada \u00e0s 16h19min de sexta-feira, 17 de janeiro<\/em><\/p>\n","protected":false},"excerpt":{"rendered":"<p>RENATO SOUZA Uma das maiores empresas de comunica\u00e7\u00e3o digital do pa\u00eds, a Isobar, controlada pelo grupo japon\u00eas DAN, decidiu abrir m\u00e3o de contratos milion\u00e1rios com o governo e empresas estatais temendo se envolver com corrup\u00e7\u00e3o. A Isobar tem contratos com a Secretaria de Comunica\u00e7\u00e3o da Presid\u00eancia da Rep\u00fablica (Secom), que est\u00e1 no meio de den\u00fancia [&hellip;]<\/p>\n","protected":false},"author":22,"featured_media":0,"comment_status":"open","ping_status":"closed","sticky":false,"template":"","format":"standard","meta":{"wpb_read_more":[],"footnotes":""},"categories":[600],"tags":[2554,467,4390,2731,4389],"class_list":["post-12767","post","type-post","status-publish","format-standard","hentry","category-economia","tag-bolsonaro","tag-governo","tag-isobar","tag-planalto","tag-secom"],"_links":{"self":[{"href":"https:\/\/blogs2.correiobraziliense.com.br\/vicente\/wp-json\/wp\/v2\/posts\/12767","targetHints":{"allow":["GET"]}}],"collection":[{"href":"https:\/\/blogs2.correiobraziliense.com.br\/vicente\/wp-json\/wp\/v2\/posts"}],"about":[{"href":"https:\/\/blogs2.correiobraziliense.com.br\/vicente\/wp-json\/wp\/v2\/types\/post"}],"author":[{"embeddable":true,"href":"https:\/\/blogs2.correiobraziliense.com.br\/vicente\/wp-json\/wp\/v2\/users\/22"}],"replies":[{"embeddable":true,"href":"https:\/\/blogs2.correiobraziliense.com.br\/vicente\/wp-json\/wp\/v2\/comments?post=12767"}],"version-history":[{"count":10,"href":"https:\/\/blogs2.correiobraziliense.com.br\/vicente\/wp-json\/wp\/v2\/posts\/12767\/revisions"}],"predecessor-version":[{"id":12799,"href":"https:\/\/blogs2.correiobraziliense.com.br\/vicente\/wp-json\/wp\/v2\/posts\/12767\/revisions\/12799"}],"wp:attachment":[{"href":"https:\/\/blogs2.correiobraziliense.com.br\/vicente\/wp-json\/wp\/v2\/media?parent=12767"}],"wp:term":[{"taxonomy":"category","embeddable":true,"href":"https:\/\/blogs2.correiobraziliense.com.br\/vicente\/wp-json\/wp\/v2\/categories?post=12767"},{"taxonomy":"post_tag","embeddable":true,"href":"https:\/\/blogs2.correiobraziliense.com.br\/vicente\/wp-json\/wp\/v2\/tags?post=12767"}],"curies":[{"name":"wp","href":"https:\/\/api.w.org\/{rel}","templated":true}]}}