{"id":12791,"date":"2020-01-17T12:16:17","date_gmt":"2020-01-17T15:16:17","guid":{"rendered":"https:\/\/blogs2.correiobraziliense.com.br\/vicente\/?p=12791"},"modified":"2020-01-17T13:35:00","modified_gmt":"2020-01-17T16:35:00","slug":"governo-esta-sendo-massacrado-nas-redes-admitem-assessores-do-planalto","status":"publish","type":"post","link":"https:\/\/blogs2.correiobraziliense.com.br\/vicente\/governo-esta-sendo-massacrado-nas-redes-admitem-assessores-do-planalto\/","title":{"rendered":"Governo est\u00e1 sendo massacrado nas redes, admitem assessores do Planalto"},"content":{"rendered":"<h2>Assessores do presidente que monitoram as redes sociais admitem que o governo est\u00e1 sendo massacrado nas redes sociais. Territ\u00f3rio em que o presidente Jair Bolsonaro transita muito bem, desta vez, est\u00e1 sendo fonte eficiente de ataque ao governo.<\/h2>\n<p>&nbsp;<\/p>\n<p>A derrota do governo nas redes sociais decorre das declara\u00e7\u00f5es de Roberto Alvim (<strong>foto<\/strong>), secret\u00e1rio de Cultura, que usou o discurso do ministro nazista Joseph Goebbels para falar do lan\u00e7amento do Pr\u00eamio Nacional de Artes. Esse discurso engrossou o coro daqueles que acusam o governo de Bolsonaro de autorit\u00e1rio.<\/p>\n<p>&nbsp;<\/p>\n<p>Segundo os assessores, a sova que o governo est\u00e1 tomando nas redes sociais ficou maior, porque o discurso nazista de Alvim veio logo depois das acusa\u00e7\u00f5es de que o secret\u00e1rio de Comunica\u00e7\u00e3o, F\u00e1bio Wajngarten, teria se beneficiado de contratos fechados com clientes de sua empresa, redes de tev\u00ea e ag\u00eancias de publicidades agraciadas com verbas p\u00fablicas.<\/p>\n<p>&nbsp;<\/p>\n<p>Para os assessores, Bolsonaro ter\u00e1 que ser muito contundente em suas declara\u00e7\u00f5es ap\u00f3s a demiss\u00e3o de Alvim, pois precisa convencer seu eleitorado de que n\u00e3o compartilha das mesmas ideias de defensores do nazismo nem com malfeitos no governo. O problema, acrescentam os mesmos assessores, \u00e9 que Bolsonaro anda muito calado, um sinal de que apoia tudo que est\u00e1 sendo criticado.<\/p>\n<p>&nbsp;<\/p>\n<p><strong>Pol\u00edtica<\/strong><\/p>\n<p>&nbsp;<\/p>\n<p>O governo n\u00e3o est\u00e1 apanhando apenas nas redes sociais, mas tamb\u00e9m no meio pol\u00edtico. Tanto o presidente da C\u00e2mara, Rodrigo Maia, quanto o presidente do Senado, Davi Alcolumbre, criticaram, de forma contundente, Roberto Alvim.<\/p>\n<p>&nbsp;<\/p>\n<p>Tamb\u00e9m o presidente do Supremo Tribunal Federal, Dias Toffoli, soltou nota classificando como inaceit\u00e1veis as declara\u00e7\u00f5es de Alvim. Vale lembrar que Toffoli se aproximou muito de Bolsonaro nos \u00faltimos meses.<\/p>\n<p>&nbsp;<\/p>\n<p>Os assessores do Planalto dizem que foi montada uma estrat\u00e9gia para tentar reverter os estragos feitos por Alvim e\u00a0Wajngarten, mas os resultados, at\u00e9 agora, foram pouco efetivos. O governo est\u00e1 em uma desvantagem monumental em rela\u00e7\u00e3o aos que lhe atacam.<\/p>\n<p>&nbsp;<\/p>\n<p><em>Bras\u00edlia, 12h16min<\/em><\/p>\n","protected":false},"excerpt":{"rendered":"<p>Assessores do presidente que monitoram as redes sociais admitem que o governo est\u00e1 sendo massacrado nas redes sociais. Territ\u00f3rio em que o presidente Jair Bolsonaro transita muito bem, desta vez, est\u00e1 sendo fonte eficiente de ataque ao governo. &nbsp; A derrota do governo nas redes sociais decorre das declara\u00e7\u00f5es de Roberto Alvim (foto), secret\u00e1rio de [&hellip;]<\/p>\n","protected":false},"author":22,"featured_media":12332,"comment_status":"open","ping_status":"closed","sticky":false,"template":"","format":"standard","meta":{"wpb_read_more":[],"footnotes":""},"categories":[600],"tags":[2554,4392,3509,891,4391],"class_list":["post-12791","post","type-post","status-publish","format-standard","has-post-thumbnail","hentry","category-economia","tag-bolsonaro","tag-goebbels","tag-nazismo","tag-redes-sociais","tag-roberto-alvim"],"_links":{"self":[{"href":"https:\/\/blogs2.correiobraziliense.com.br\/vicente\/wp-json\/wp\/v2\/posts\/12791","targetHints":{"allow":["GET"]}}],"collection":[{"href":"https:\/\/blogs2.correiobraziliense.com.br\/vicente\/wp-json\/wp\/v2\/posts"}],"about":[{"href":"https:\/\/blogs2.correiobraziliense.com.br\/vicente\/wp-json\/wp\/v2\/types\/post"}],"author":[{"embeddable":true,"href":"https:\/\/blogs2.correiobraziliense.com.br\/vicente\/wp-json\/wp\/v2\/users\/22"}],"replies":[{"embeddable":true,"href":"https:\/\/blogs2.correiobraziliense.com.br\/vicente\/wp-json\/wp\/v2\/comments?post=12791"}],"version-history":[{"count":2,"href":"https:\/\/blogs2.correiobraziliense.com.br\/vicente\/wp-json\/wp\/v2\/posts\/12791\/revisions"}],"predecessor-version":[{"id":12793,"href":"https:\/\/blogs2.correiobraziliense.com.br\/vicente\/wp-json\/wp\/v2\/posts\/12791\/revisions\/12793"}],"wp:featuredmedia":[{"embeddable":true,"href":"https:\/\/blogs2.correiobraziliense.com.br\/vicente\/wp-json\/wp\/v2\/media\/12332"}],"wp:attachment":[{"href":"https:\/\/blogs2.correiobraziliense.com.br\/vicente\/wp-json\/wp\/v2\/media?parent=12791"}],"wp:term":[{"taxonomy":"category","embeddable":true,"href":"https:\/\/blogs2.correiobraziliense.com.br\/vicente\/wp-json\/wp\/v2\/categories?post=12791"},{"taxonomy":"post_tag","embeddable":true,"href":"https:\/\/blogs2.correiobraziliense.com.br\/vicente\/wp-json\/wp\/v2\/tags?post=12791"}],"curies":[{"name":"wp","href":"https:\/\/api.w.org\/{rel}","templated":true}]}}