{"id":1287,"date":"2016-06-07T11:37:27","date_gmt":"2016-06-07T14:37:27","guid":{"rendered":"https:\/\/blogs2.correiobraziliense.com.br\/vicente\/?p=1287"},"modified":"2016-06-07T13:44:04","modified_gmt":"2016-06-07T16:44:04","slug":"goldfajn-defende-autonomia-do-bc","status":"publish","type":"post","link":"https:\/\/blogs2.correiobraziliense.com.br\/vicente\/goldfajn-defende-autonomia-do-bc\/","title":{"rendered":"Goldfajn n\u00e3o \u00e9 favor\u00e1vel \u00e0 independ\u00eancia do BC. Mas cobra mais autonomia"},"content":{"rendered":"<p>POR ANTONIO TEM\u00d3TEO<\/p>\n<p>&nbsp;<\/p>\n<p>Indicado pelo presidente interino, Michel Temer, para comandar o Banco Central, Ilan Goldfajn n\u00e3o fugiu da pergunta do senador Flecha Ribeiro (PSDB-PA), que questionou se ele era favor\u00e1vel \u00e0 independ\u00eancia da autoridade monet\u00e1ria.<\/p>\n<p>&nbsp;<\/p>\n<p>Goldfajn afirmou que entende que um BC independente fixa seus pr\u00f3prios objetivos, o que, neste momento, pode n\u00e3o ser vi\u00e1vel. Mas ele \u00e9 favor\u00e1vel \u00e0 autonomia formal \u00e0 institui\u00e7\u00e3o. Para ele, nesse modelo, o governo define as metas e d\u00e1 liberdade para que a autoridade monet\u00e1ria use os instrumentos que tem a sua disposi\u00e7\u00e3o para levar a infla\u00e7\u00e3o para a meta.<\/p>\n<p>&nbsp;<\/p>\n<p>Sabatinado esta manh\u00e3 pela Comiss\u00e3o de Assuntos Econ\u00f4micos (CAE) do Senado Federal, Goldfajn afirmou que uma mudan\u00e7a interessante seria a fixa\u00e7\u00e3o de um mandato para presidente e diretores do BC. &#8220;Em quase todas as autoridades monet\u00e1rias do mundo h\u00e1 mandato fixo. O avan\u00e7o n\u00e3o deveria ser a independ\u00eancia e, sim, o mandato&#8221;, disse.<\/p>\n","protected":false},"excerpt":{"rendered":"<p>POR ANTONIO TEM\u00d3TEO &nbsp; Indicado pelo presidente interino, Michel Temer, para comandar o Banco Central, Ilan Goldfajn n\u00e3o fugiu da pergunta do senador Flecha Ribeiro (PSDB-PA), que questionou se ele era favor\u00e1vel \u00e0 independ\u00eancia da autoridade monet\u00e1ria. &nbsp; Goldfajn afirmou que entende que um BC independente fixa seus pr\u00f3prios objetivos, o que, neste momento, pode [&hellip;]<\/p>\n","protected":false},"author":22,"featured_media":0,"comment_status":"open","ping_status":"closed","sticky":false,"template":"","format":"standard","meta":{"wpb_read_more":[],"footnotes":""},"categories":[1],"tags":[],"class_list":["post-1287","post","type-post","status-publish","format-standard","hentry","category-sem-categoria"],"_links":{"self":[{"href":"https:\/\/blogs2.correiobraziliense.com.br\/vicente\/wp-json\/wp\/v2\/posts\/1287","targetHints":{"allow":["GET"]}}],"collection":[{"href":"https:\/\/blogs2.correiobraziliense.com.br\/vicente\/wp-json\/wp\/v2\/posts"}],"about":[{"href":"https:\/\/blogs2.correiobraziliense.com.br\/vicente\/wp-json\/wp\/v2\/types\/post"}],"author":[{"embeddable":true,"href":"https:\/\/blogs2.correiobraziliense.com.br\/vicente\/wp-json\/wp\/v2\/users\/22"}],"replies":[{"embeddable":true,"href":"https:\/\/blogs2.correiobraziliense.com.br\/vicente\/wp-json\/wp\/v2\/comments?post=1287"}],"version-history":[{"count":6,"href":"https:\/\/blogs2.correiobraziliense.com.br\/vicente\/wp-json\/wp\/v2\/posts\/1287\/revisions"}],"predecessor-version":[{"id":1310,"href":"https:\/\/blogs2.correiobraziliense.com.br\/vicente\/wp-json\/wp\/v2\/posts\/1287\/revisions\/1310"}],"wp:attachment":[{"href":"https:\/\/blogs2.correiobraziliense.com.br\/vicente\/wp-json\/wp\/v2\/media?parent=1287"}],"wp:term":[{"taxonomy":"category","embeddable":true,"href":"https:\/\/blogs2.correiobraziliense.com.br\/vicente\/wp-json\/wp\/v2\/categories?post=1287"},{"taxonomy":"post_tag","embeddable":true,"href":"https:\/\/blogs2.correiobraziliense.com.br\/vicente\/wp-json\/wp\/v2\/tags?post=1287"}],"curies":[{"name":"wp","href":"https:\/\/api.w.org\/{rel}","templated":true}]}}