{"id":12893,"date":"2020-02-06T10:13:48","date_gmt":"2020-02-06T13:13:48","guid":{"rendered":"https:\/\/blogs2.correiobraziliense.com.br\/vicente\/?p=12893"},"modified":"2020-02-06T12:37:51","modified_gmt":"2020-02-06T15:37:51","slug":"por-tras-da-guerra-do-icms-esta-o-medo-de-bolsonaro-dos-caminhoneiros","status":"publish","type":"post","link":"https:\/\/blogs2.correiobraziliense.com.br\/vicente\/por-tras-da-guerra-do-icms-esta-o-medo-de-bolsonaro-dos-caminhoneiros\/","title":{"rendered":"Por tr\u00e1s da guerra do ICMS est\u00e1 o medo de Bolsonaro dos caminhoneiros"},"content":{"rendered":"<h2>Pessoas com tr\u00e2nsito livre no Pal\u00e1cio do Planalto n\u00e3o t\u00eam d\u00favidas sobre o que est\u00e1 por tr\u00e1s do &#8220;desafio&#8221; lan\u00e7ado aos governadores por Jair Bolsonaro, de os estados zerarem o Imposto sobre Circula\u00e7\u00e3o de Mercadorias e Servi\u00e7os (ICMS) que incide nos combust\u00edveis: o medo que o presidente da Rep\u00fablica tem dos caminhoneiros.<\/h2>\n<p>&nbsp;<\/p>\n<p>Bolsonaro, explicam integrantes do governo, sabe que, em algum momento, o Supremo Tribunal Federal (STF) vai vetar o tabelamento dos pre\u00e7os dos fretes, que foi negociado pela Ag\u00eancia Nacional de Transportes Terrestres (ANTT) com os caminhoneiros. O STF v\u00ea inconstitucionalidade no tabelamento.<\/p>\n<p>&nbsp;<\/p>\n<p>Diante da decis\u00e3o do STF, \u00e9 poss\u00edvel que os caminhoneiros se organizem para uma poss\u00edvel greve. Essa amea\u00e7a surgiu no fim do ano passado, mas o governo conseguiu se articular com as principais lideran\u00e7as do setor, que acabaram abortando o movimento apoiado pela Central \u00danica dos Trabalhadores (CUT).<\/p>\n<p>&nbsp;<\/p>\n<p>Ao defender a redu\u00e7\u00e3o do ICMS e admitir que pode zerar os impostos federais, abrindo m\u00e3o de R$ 27 bilh\u00f5es por ano, Bolsonaro tenta incutir entre os caminhoneiros a imagem de que est\u00e1 fazendo de tudo para reduzir os pre\u00e7os dos combust\u00edveis, em especial, do diesel. Se h\u00e1 inimigos contra a categoria, s\u00e3o aqueles contr\u00e1rios \u00e0 medida.<\/p>\n<p>&nbsp;<\/p>\n<p><strong>Mocinho da hist\u00f3ria<\/strong><\/p>\n<p>&nbsp;<\/p>\n<p>Populista, Bolsonaro tenta sair da guerra aberta com os governadores como mocinho. Tanto que interlocutores do Planalto v\u00eam fazendo a\u00e7\u00f5es junto aos l\u00edderes dos caminhoneiros para que comprem o &#8220;desafio&#8221; do governo e comecem a dar declara\u00e7\u00f5es favor\u00e1veis ao presidente em rela\u00e7\u00e3o ao assunto.<\/p>\n<p>&nbsp;<\/p>\n<p>Para o presidente, o pior que pode acontecer agora \u00e9 uma greve de caminhoneiros semelhante \u00e0 que se viu no governo de Michel Temer, que parou o pa\u00eds. A retomada da economia que o Planalto tanto alardeia ainda est\u00e1 longe de ser satisfat\u00f3ria. E qualquer movimento mais contundente pode abortar o crescimento.<\/p>\n<p>&nbsp;<\/p>\n<p>Nos \u00faltimos dias, v\u00e1rios bancos e consultorias come\u00e7aram a rever para baixo as perspectivas para o Produto Interno Bruto (PIB) deste ano. O piso de 2% agora \u00e9 visto como teto por muitos. N\u00e3o \u00e0 toa, o Comit\u00ea de Pol\u00edtica Monet\u00e1ria (Copom) do Banco Central voltou a reduzir a taxa b\u00e1sica de juros (Selic), de 4,50% para 4,25% ao ano, novo piso hist\u00f3rico, para estimular a atividade.<\/p>\n<p>&nbsp;<\/p>\n<p><em>Bras\u00edlia,\u00a0 10h13min<\/em><\/p>\n","protected":false},"excerpt":{"rendered":"<p>Pessoas com tr\u00e2nsito livre no Pal\u00e1cio do Planalto n\u00e3o t\u00eam d\u00favidas sobre o que est\u00e1 por tr\u00e1s do &#8220;desafio&#8221; lan\u00e7ado aos governadores por Jair Bolsonaro, de os estados zerarem o Imposto sobre Circula\u00e7\u00e3o de Mercadorias e Servi\u00e7os (ICMS) que incide nos combust\u00edveis: o medo que o presidente da Rep\u00fablica tem dos caminhoneiros. &nbsp; Bolsonaro, explicam [&hellip;]<\/p>\n","protected":false},"author":22,"featured_media":10126,"comment_status":"open","ping_status":"closed","sticky":false,"template":"","format":"standard","meta":{"wpb_read_more":[],"footnotes":""},"categories":[600],"tags":[2554,3390,998,347,2597,524],"class_list":["post-12893","post","type-post","status-publish","format-standard","has-post-thumbnail","hentry","category-economia","tag-bolsonaro","tag-caminhoneiros","tag-combustiveis","tag-greve","tag-icms","tag-impostos"],"_links":{"self":[{"href":"https:\/\/blogs2.correiobraziliense.com.br\/vicente\/wp-json\/wp\/v2\/posts\/12893","targetHints":{"allow":["GET"]}}],"collection":[{"href":"https:\/\/blogs2.correiobraziliense.com.br\/vicente\/wp-json\/wp\/v2\/posts"}],"about":[{"href":"https:\/\/blogs2.correiobraziliense.com.br\/vicente\/wp-json\/wp\/v2\/types\/post"}],"author":[{"embeddable":true,"href":"https:\/\/blogs2.correiobraziliense.com.br\/vicente\/wp-json\/wp\/v2\/users\/22"}],"replies":[{"embeddable":true,"href":"https:\/\/blogs2.correiobraziliense.com.br\/vicente\/wp-json\/wp\/v2\/comments?post=12893"}],"version-history":[{"count":1,"href":"https:\/\/blogs2.correiobraziliense.com.br\/vicente\/wp-json\/wp\/v2\/posts\/12893\/revisions"}],"predecessor-version":[{"id":12894,"href":"https:\/\/blogs2.correiobraziliense.com.br\/vicente\/wp-json\/wp\/v2\/posts\/12893\/revisions\/12894"}],"wp:featuredmedia":[{"embeddable":true,"href":"https:\/\/blogs2.correiobraziliense.com.br\/vicente\/wp-json\/wp\/v2\/media\/10126"}],"wp:attachment":[{"href":"https:\/\/blogs2.correiobraziliense.com.br\/vicente\/wp-json\/wp\/v2\/media?parent=12893"}],"wp:term":[{"taxonomy":"category","embeddable":true,"href":"https:\/\/blogs2.correiobraziliense.com.br\/vicente\/wp-json\/wp\/v2\/categories?post=12893"},{"taxonomy":"post_tag","embeddable":true,"href":"https:\/\/blogs2.correiobraziliense.com.br\/vicente\/wp-json\/wp\/v2\/tags?post=12893"}],"curies":[{"name":"wp","href":"https:\/\/api.w.org\/{rel}","templated":true}]}}