{"id":12917,"date":"2020-02-07T12:02:54","date_gmt":"2020-02-07T15:02:54","guid":{"rendered":"https:\/\/blogs2.correiobraziliense.com.br\/vicente\/?p=12917"},"modified":"2020-02-07T12:11:16","modified_gmt":"2020-02-07T15:11:16","slug":"dolar-dispara-para-r-431-e-atinge-maior-cotacao-da-historia","status":"publish","type":"post","link":"https:\/\/blogs2.correiobraziliense.com.br\/vicente\/dolar-dispara-para-r-431-e-atinge-maior-cotacao-da-historia\/","title":{"rendered":"D\u00f3lar dispara para R$ 4,31 e atinge maior cota\u00e7\u00e3o da hist\u00f3ria"},"content":{"rendered":"<p>ROSANA HESSEL<\/p>\n<p>&nbsp;<\/p>\n<p>O d\u00f3lar disparou e atingiu nova m\u00e1xima hist\u00f3rica, de R$ 4,31, nesta sexta-feira (07\/02), em meio \u00e0 forte valoriza\u00e7\u00e3o da moeda norte-americana frente \u00e0s divisas de pa\u00edses emergentes. Noticias favor\u00e1veis para a economia dos Estados Unidos e de piora nos mercados em desenvolvimento, como China, devido ao novo coronav\u00edrus mexem com os mercados no preg\u00e3o de hoje.<\/p>\n<p>&nbsp;<\/p>\n<p>Nem mesmo a not\u00edcia de uma infla\u00e7\u00e3o menor em janeiro, com alta de 0,21%, n\u00e3o ajudou a conter a desvaloriza\u00e7\u00e3o do real frente \u00e0 moeda americana. Acompanhando a queda das bolsas internacionais, o \u00cdndice Bovespa, principal indicador da Bolsa de Valores de S\u00e3o Paulo (B3) segue a manh\u00e3 em queda e abaixo dos 115 mil pontos.<\/p>\n<p>&nbsp;<\/p>\n<p>Os dados de emprego divulgados pelo governo dos EUA hoje foram positivos, registrando a cria\u00e7\u00e3o de 250 mil emprego, acima dos 164 mil projetos pelos analistas do mercado, segundo a ag\u00eancia AFP. \u00c9 o maior aumento desde janeiro do ano passado, mostrando um bom momento para a economia norte-americana, informou a ag\u00eancia. Segundo ela, a taxa de desemprego subiu 0,1 ponto percentual, para 3,6% devido \u00e0 incorpora\u00e7\u00e3o de 183 mil pessoas \u00e0 popula\u00e7\u00e3o ativa.<\/p>\n<p>&nbsp;<\/p>\n<p>Ontem, o d\u00f3lar tinha registrado alta de 1,08%, vendido a R$ 4,284.\u00a0 O Banco Central dever\u00e1 realizar uma rolagem de at\u00e9 13 mil contratos com vencimento em abril de 2020, mas parece n\u00e3o ser suficiente para segurar o d\u00f3lar nesse novo patamar.<\/p>\n<p>&nbsp;<\/p>\n<p>&nbsp;<\/p>\n<p>&nbsp;<\/p>\n","protected":false},"excerpt":{"rendered":"<p>ROSANA HESSEL &nbsp; O d\u00f3lar disparou e atingiu nova m\u00e1xima hist\u00f3rica, de R$ 4,31, nesta sexta-feira (07\/02), em meio \u00e0 forte valoriza\u00e7\u00e3o da moeda norte-americana frente \u00e0s divisas de pa\u00edses emergentes. Noticias favor\u00e1veis para a economia dos Estados Unidos e de piora nos mercados em desenvolvimento, como China, devido ao novo coronav\u00edrus mexem com os [&hellip;]<\/p>\n","protected":false},"author":22,"featured_media":0,"comment_status":"open","ping_status":"closed","sticky":false,"template":"","format":"standard","meta":{"wpb_read_more":[],"footnotes":""},"categories":[600],"tags":[849,343,3637],"class_list":["post-12917","post","type-post","status-publish","format-standard","hentry","category-economia","tag-cambio","tag-dolar","tag-eua"],"_links":{"self":[{"href":"https:\/\/blogs2.correiobraziliense.com.br\/vicente\/wp-json\/wp\/v2\/posts\/12917","targetHints":{"allow":["GET"]}}],"collection":[{"href":"https:\/\/blogs2.correiobraziliense.com.br\/vicente\/wp-json\/wp\/v2\/posts"}],"about":[{"href":"https:\/\/blogs2.correiobraziliense.com.br\/vicente\/wp-json\/wp\/v2\/types\/post"}],"author":[{"embeddable":true,"href":"https:\/\/blogs2.correiobraziliense.com.br\/vicente\/wp-json\/wp\/v2\/users\/22"}],"replies":[{"embeddable":true,"href":"https:\/\/blogs2.correiobraziliense.com.br\/vicente\/wp-json\/wp\/v2\/comments?post=12917"}],"version-history":[{"count":2,"href":"https:\/\/blogs2.correiobraziliense.com.br\/vicente\/wp-json\/wp\/v2\/posts\/12917\/revisions"}],"predecessor-version":[{"id":12921,"href":"https:\/\/blogs2.correiobraziliense.com.br\/vicente\/wp-json\/wp\/v2\/posts\/12917\/revisions\/12921"}],"wp:attachment":[{"href":"https:\/\/blogs2.correiobraziliense.com.br\/vicente\/wp-json\/wp\/v2\/media?parent=12917"}],"wp:term":[{"taxonomy":"category","embeddable":true,"href":"https:\/\/blogs2.correiobraziliense.com.br\/vicente\/wp-json\/wp\/v2\/categories?post=12917"},{"taxonomy":"post_tag","embeddable":true,"href":"https:\/\/blogs2.correiobraziliense.com.br\/vicente\/wp-json\/wp\/v2\/tags?post=12917"}],"curies":[{"name":"wp","href":"https:\/\/api.w.org\/{rel}","templated":true}]}}